{"id":16360,"date":"2021-09-07T22:42:03","date_gmt":"2021-09-07T20:42:03","guid":{"rendered":"http:\/\/www.studiogera.de\/001\/?p=16360"},"modified":"2021-09-07T22:42:05","modified_gmt":"2021-09-07T20:42:05","slug":"gaertnermarkttage-vom-9-bis-11-september-2021","status":"publish","type":"post","link":"https:\/\/www.studiogera.de\/001\/2021\/09\/07\/gaertnermarkttage-vom-9-bis-11-september-2021\/","title":{"rendered":"G\u00c4RTNERMARKTTAGE VOM 9. BIS 11. SEPTEMBER 2021"},"content":{"rendered":"\n<p>In diesem Jahr werden die G\u00e4rtnermarkttage auf dem Marktplatz vom 9. September bis 11. September 2021 durchgef\u00fchrt. Das Kulturamt wird wieder mit den in Gera und Umgebung ans\u00e4ssigen G\u00e4rtnereien Hofmann, Heyer, Mo\u00dfner,\u00a0Giegold und anderen H\u00e4ndlern einen bunten und abwechslungsreichen Herbstmarkt gestalten. So k\u00f6nnen am Donnerstag und Freitag von 7 Uhr bis 16 Uhr, und am Samstag von 7 Uhr bis 14 Uhr, die Besucher des G\u00e4rtnermarktes aus einem reichhaltigen Sortiment von Pflanzen f\u00fcr Balkon, Terrasse und Garten w\u00e4hlen.<\/p>\n\n\n\n<p>Die G\u00e4rtnereien selbst bieten ein umfangreiches Sortiment an Chrysanthemen, Heidepflanzen, winterharten Stauden, Alpenveilchen sowie Erdbeerpflanzen und bepflanzte Schalen und Gef\u00e4\u00dfe an. Ebenso angeboten wird in den eigenen Betrieben angebautes Obst und Gem\u00fcse wie Tomaten, Kohl, K\u00fcrbisse, Kartoffeln und vieles mehr. Die G\u00e4rtnereien Hofmann, Heyer und Mo\u00dfner werden auch in diesem Jahr die Besucher mit ihren kreativen und beeindruckenden Dekorationen erfreuen.<\/p>\n\n\n\n<p>Neben den Gartenbaubetrieben werden auch andere H\u00e4ndler ihre Produkte aus eigener Herstellung anbieten, so gibt es u. a. K\u00e4se, Wurst, Kr\u00e4utermischungen, Gew\u00fcrze, Senf, \u00d6le, Honig, Marmeladen, Backwaren sowie Korb- und Korkwaren und andere Spezialit\u00e4ten zu erwerben. F\u00fcr das leibliche Wohl wird mit Th\u00fcringer Rostern, Krapfen sowie Kaffee und Kuchen gesorgt. Musikalisch begleitet werden die G\u00e4rtnermarkttage mit dem Glockenspiel vom historischen Rathausturm.<\/p>\n\n\n\n<p>QUELLE: STADTVERWALTUNG<\/p>\n","protected":false},"excerpt":{"rendered":"<div class=\"mh-excerpt\"><p>In diesem Jahr werden die G\u00e4rtnermarkttage auf dem Marktplatz vom 9. September bis 11. September 2021 durchgef\u00fchrt. Das Kulturamt wird wieder mit den in Gera und Umgebung ans\u00e4ssigen G\u00e4rtnereien Hofmann, Heyer, Mo\u00dfner,\u00a0Giegold und anderen H\u00e4ndlern <a class=\"mh-excerpt-more\" href=\"https:\/\/www.studiogera.de\/001\/2021\/09\/07\/gaertnermarkttage-vom-9-bis-11-september-2021\/\" title=\"G\u00c4RTNERMARKTTAGE VOM 9. BIS 11. SEPTEMBER 2021\">[&#8230;]<\/a><\/p>\n<\/div>","protected":false},"author":2,"featured_media":12363,"comment_status":"open","ping_status":"open","sticky":false,"template":"","format":"standard","meta":{"footnotes":""},"categories":[8],"tags":[],"class_list":{"0":"post-16360","1":"post","2":"type-post","3":"status-publish","4":"format-standard","5":"has-post-thumbnail","7":"category-kultur"},"_links":{"self":[{"href":"https:\/\/www.studiogera.de\/001\/wp-json\/wp\/v2\/posts\/16360","targetHints":{"allow":["GET"]}}],"collection":[{"href":"https:\/\/www.studiogera.de\/001\/wp-json\/wp\/v2\/posts"}],"about":[{"href":"https:\/\/www.studiogera.de\/001\/wp-json\/wp\/v2\/types\/post"}],"author":[{"embeddable":true,"href":"https:\/\/www.studiogera.de\/001\/wp-json\/wp\/v2\/users\/2"}],"replies":[{"embeddable":true,"href":"https:\/\/www.studiogera.de\/001\/wp-json\/wp\/v2\/comments?post=16360"}],"version-history":[{"count":1,"href":"https:\/\/www.studiogera.de\/001\/wp-json\/wp\/v2\/posts\/16360\/revisions"}],"predecessor-version":[{"id":16361,"href":"https:\/\/www.studiogera.de\/001\/wp-json\/wp\/v2\/posts\/16360\/revisions\/16361"}],"wp:featuredmedia":[{"embeddable":true,"href":"https:\/\/www.studiogera.de\/001\/wp-json\/wp\/v2\/media\/12363"}],"wp:attachment":[{"href":"https:\/\/www.studiogera.de\/001\/wp-json\/wp\/v2\/media?parent=16360"}],"wp:term":[{"taxonomy":"category","embeddable":true,"href":"https:\/\/www.studiogera.de\/001\/wp-json\/wp\/v2\/categories?post=16360"},{"taxonomy":"post_tag","embeddable":true,"href":"https:\/\/www.studiogera.de\/001\/wp-json\/wp\/v2\/tags?post=16360"}],"curies":[{"name":"wp","href":"https:\/\/api.w.org\/{rel}","templated":true}]}}