{"id":16376,"date":"2021-09-10T13:01:00","date_gmt":"2021-09-10T11:01:00","guid":{"rendered":"http:\/\/www.studiogera.de\/001\/?p=16376"},"modified":"2021-09-09T18:02:47","modified_gmt":"2021-09-09T16:02:47","slug":"abriss-und-strassensperrung-in-der-reichsstrasse","status":"publish","type":"post","link":"https:\/\/www.studiogera.de\/001\/2021\/09\/10\/abriss-und-strassensperrung-in-der-reichsstrasse\/","title":{"rendered":"ABRISS UND STRASSENSPERRUNG IN DER REICHSSTRASSE"},"content":{"rendered":"\n<p>Die Firma Baggerbetrieb Burkhardt GmbH wird das am Ende der Reichsstra\u00dfe gelegene Geb\u00e4ude abrei\u00dfen. Daher ist es notwendig, den dortigen Stra\u00dfenabschnitt in Richtung Gessentalstra\u00dfe vom 10. September 2021, 16 Uhr, bis voraussichtlich 13. September 2021, 5 Uhr, f\u00fcr den Fahrverkehr vollst\u00e4ndig zu sperren. Der Verkehr wird in beiden Richtungen \u00fcber die Strecke Braustra\u00dfe\u2014Stadtring S\u00fcd-Ost\u2014Zw\u00f6tzener Stra\u00dfe\u2014Lange Stra\u00dfe umgeleitet.<\/p>\n","protected":false},"excerpt":{"rendered":"<div class=\"mh-excerpt\"><p>Die Firma Baggerbetrieb Burkhardt GmbH wird das am Ende der Reichsstra\u00dfe gelegene Geb\u00e4ude abrei\u00dfen. Daher ist es notwendig, den dortigen Stra\u00dfenabschnitt in Richtung Gessentalstra\u00dfe vom 10. September 2021, 16 Uhr, bis voraussichtlich 13. September 2021, <a class=\"mh-excerpt-more\" href=\"https:\/\/www.studiogera.de\/001\/2021\/09\/10\/abriss-und-strassensperrung-in-der-reichsstrasse\/\" title=\"ABRISS UND STRASSENSPERRUNG IN DER REICHSSTRASSE\">[&#8230;]<\/a><\/p>\n<\/div>","protected":false},"author":2,"featured_media":16377,"comment_status":"open","ping_status":"open","sticky":false,"template":"","format":"standard","meta":{"footnotes":""},"categories":[16],"tags":[],"class_list":{"0":"post-16376","1":"post","2":"type-post","3":"status-publish","4":"format-standard","5":"has-post-thumbnail","7":"category-kurzmitteilungen"},"_links":{"self":[{"href":"https:\/\/www.studiogera.de\/001\/wp-json\/wp\/v2\/posts\/16376","targetHints":{"allow":["GET"]}}],"collection":[{"href":"https:\/\/www.studiogera.de\/001\/wp-json\/wp\/v2\/posts"}],"about":[{"href":"https:\/\/www.studiogera.de\/001\/wp-json\/wp\/v2\/types\/post"}],"author":[{"embeddable":true,"href":"https:\/\/www.studiogera.de\/001\/wp-json\/wp\/v2\/users\/2"}],"replies":[{"embeddable":true,"href":"https:\/\/www.studiogera.de\/001\/wp-json\/wp\/v2\/comments?post=16376"}],"version-history":[{"count":1,"href":"https:\/\/www.studiogera.de\/001\/wp-json\/wp\/v2\/posts\/16376\/revisions"}],"predecessor-version":[{"id":16378,"href":"https:\/\/www.studiogera.de\/001\/wp-json\/wp\/v2\/posts\/16376\/revisions\/16378"}],"wp:featuredmedia":[{"embeddable":true,"href":"https:\/\/www.studiogera.de\/001\/wp-json\/wp\/v2\/media\/16377"}],"wp:attachment":[{"href":"https:\/\/www.studiogera.de\/001\/wp-json\/wp\/v2\/media?parent=16376"}],"wp:term":[{"taxonomy":"category","embeddable":true,"href":"https:\/\/www.studiogera.de\/001\/wp-json\/wp\/v2\/categories?post=16376"},{"taxonomy":"post_tag","embeddable":true,"href":"https:\/\/www.studiogera.de\/001\/wp-json\/wp\/v2\/tags?post=16376"}],"curies":[{"name":"wp","href":"https:\/\/api.w.org\/{rel}","templated":true}]}}