{"id":16393,"date":"2021-09-09T21:10:57","date_gmt":"2021-09-09T19:10:57","guid":{"rendered":"http:\/\/www.studiogera.de\/001\/?p=16393"},"modified":"2021-09-09T21:11:02","modified_gmt":"2021-09-09T19:11:02","slug":"premiere-des-puppentheaterstueckes-wunderkasten-in-gera","status":"publish","type":"post","link":"https:\/\/www.studiogera.de\/001\/2021\/09\/09\/premiere-des-puppentheaterstueckes-wunderkasten-in-gera\/","title":{"rendered":"PREMIERE DES PUPPENTHEATERST\u00dcCKES \u201eWUNDERKASTEN\u201c IN GERA"},"content":{"rendered":"\n<p>Auch f\u00fcr das j\u00fcngere Publikum hat der September-Spielplan des Theaters Altenburg Gera etwas zu bieten: Am Samstag, den 18. September 2021, findet mit Beginn um 16 Uhr im Geraer Puppentheater die Premiere des Erz\u00e4hltheaters \u201eWunderkasten\u201c statt. Eine weitere Premiere wird es am Dienstag, den 5. Oktober, um 10 Uhr im Altenburger Theaterzelt geben.<\/p>\n\n\n\n<p>In dem St\u00fcck ziehen zwei Geschichtenerz\u00e4hler durch die Gassen und lassen die Kinder in ihren Wunderkasten blicken, der nicht nur von Schafen, R\u00e4ubern und Pferden belebt ist, sondern auch von Flugzeugen und H\u00e4ndlern. Dort h\u00f6ren sie die spannenden Abenteuer des Hirtenjungen Sami, der viele Herausforderungen bestehen muss, um seine gro\u00dfe Liebe, die sch\u00f6ne Leila heiraten zu d\u00fcrfen. Doch dann nimmt die Geschichte eine unerwartete Wendung. Frei nach dem Kinderbuch des deutsch-syrischen Schriftstellers Rafik Schami ist der \u201eWunderkasten\u201c eine Liebeserkl\u00e4rung an das traditionelle Erz\u00e4hlen. Am Ende ist es die kindliche Fantasie, die die gr\u00f6\u00dften Abenteuer schafft.<\/p>\n\n\n\n<p>Der syrisch-deutsche Schriftsteller Rafik Schami, geboren, 1946, gilt als Meister der Erz\u00e4hlkunst. Kennzeichnend f\u00fcr sein Werk sind orientalische Motive und Erz\u00e4hltraditionen.<\/p>\n\n\n\n<p>Regisseurin Friederike F\u00f6rster inszenierte das St\u00fcck f\u00fcr Kinder ab sechs Jahren. Kost\u00fcme gestaltete Maria Preschel, die B\u00fchne und die Puppen Paul Hentze gemeinsam mit der Regisseurin. Alle drei sind Stipendiaten der Theaterstiftung Gera. Marcella von Jan und Tobias Weishaupt spielen und erz\u00e4hlen gemeinsam die abenteuerlichen Geschichten.<\/p>\n\n\n\n<p>Im Geraer Puppentheater ist das St\u00fcck erneut an folgendne Tagen zu sehen:<\/p>\n\n\n\n<p>Montag, 20. September 2021, 16 Uhr<br>Mittwoch, 22. September 2021, 10 Uhr<br>Donnerstag, 23. September 2021, 10 Uhr<br>Samstag, 25. September 2021, 16 Uhr<br>Sonntag, 26. September 2021, 11 Uhr<\/p>\n\n\n\n<p>F\u00fcr das Altenburger Theaterzelt gibt es folgende Auff\u00fchrungstermine:<\/p>\n\n\n\n<p>Donnerstag, 7. Oktober 2021, 10 Uhr<br>Freitag, 8. Oktober 2021, 10 Uhr<br>Samstag, 9. Oktober 2021, 15 Uhr<\/p>\n\n\n\n<p>Eintrittskarten sind an der Theaterkasse erh\u00e4ltlich. Diese k\u00f6nnen telefonisch unter der Rufnummer 0365 8279105 bzw. 03447 585160 sowie \u00fcber \u201ewww.theater-altenburg-gera.de\u201d reserviert werden. Wegen der erforderlichen Erfassung von Kontaktdaten ist derzeit kein Kartenverkauf \u00fcber externe Vorverkaufsstellen m\u00f6glich. Es gelten die sogenannten Corona-Regeln.<\/p>\n\n\n\n<p>QUELLE: THEATER ALTENBURG GERA GGMBH<\/p>\n","protected":false},"excerpt":{"rendered":"<div class=\"mh-excerpt\"><p>Auch f\u00fcr das j\u00fcngere Publikum hat der September-Spielplan des Theaters Altenburg Gera etwas zu bieten: Am Samstag, den 18. September 2021, findet mit Beginn um 16 Uhr im Geraer Puppentheater die Premiere des Erz\u00e4hltheaters \u201eWunderkasten\u201c <a class=\"mh-excerpt-more\" href=\"https:\/\/www.studiogera.de\/001\/2021\/09\/09\/premiere-des-puppentheaterstueckes-wunderkasten-in-gera\/\" title=\"PREMIERE DES PUPPENTHEATERST\u00dcCKES \u201eWUNDERKASTEN\u201c IN GERA\">[&#8230;]<\/a><\/p>\n<\/div>","protected":false},"author":2,"featured_media":12674,"comment_status":"open","ping_status":"open","sticky":false,"template":"","format":"standard","meta":{"footnotes":""},"categories":[15],"tags":[],"class_list":{"0":"post-16393","1":"post","2":"type-post","3":"status-publish","4":"format-standard","5":"has-post-thumbnail","7":"category-theater"},"_links":{"self":[{"href":"https:\/\/www.studiogera.de\/001\/wp-json\/wp\/v2\/posts\/16393","targetHints":{"allow":["GET"]}}],"collection":[{"href":"https:\/\/www.studiogera.de\/001\/wp-json\/wp\/v2\/posts"}],"about":[{"href":"https:\/\/www.studiogera.de\/001\/wp-json\/wp\/v2\/types\/post"}],"author":[{"embeddable":true,"href":"https:\/\/www.studiogera.de\/001\/wp-json\/wp\/v2\/users\/2"}],"replies":[{"embeddable":true,"href":"https:\/\/www.studiogera.de\/001\/wp-json\/wp\/v2\/comments?post=16393"}],"version-history":[{"count":2,"href":"https:\/\/www.studiogera.de\/001\/wp-json\/wp\/v2\/posts\/16393\/revisions"}],"predecessor-version":[{"id":16395,"href":"https:\/\/www.studiogera.de\/001\/wp-json\/wp\/v2\/posts\/16393\/revisions\/16395"}],"wp:featuredmedia":[{"embeddable":true,"href":"https:\/\/www.studiogera.de\/001\/wp-json\/wp\/v2\/media\/12674"}],"wp:attachment":[{"href":"https:\/\/www.studiogera.de\/001\/wp-json\/wp\/v2\/media?parent=16393"}],"wp:term":[{"taxonomy":"category","embeddable":true,"href":"https:\/\/www.studiogera.de\/001\/wp-json\/wp\/v2\/categories?post=16393"},{"taxonomy":"post_tag","embeddable":true,"href":"https:\/\/www.studiogera.de\/001\/wp-json\/wp\/v2\/tags?post=16393"}],"curies":[{"name":"wp","href":"https:\/\/api.w.org\/{rel}","templated":true}]}}