{"id":16412,"date":"2021-09-11T22:41:34","date_gmt":"2021-09-11T20:41:34","guid":{"rendered":"http:\/\/www.studiogera.de\/001\/?p=16412"},"modified":"2021-09-11T22:41:36","modified_gmt":"2021-09-11T20:41:36","slug":"weitere-meldungen-zu-den-themen-corona-und-impfen","status":"publish","type":"post","link":"https:\/\/www.studiogera.de\/001\/2021\/09\/11\/weitere-meldungen-zu-den-themen-corona-und-impfen\/","title":{"rendered":"WEITERE MELDUNGEN ZU DEN THEMEN CORONA UND IMPFEN"},"content":{"rendered":"\n<p>Bis Ende des Jahres 2021 sollen mindestens 40 % aller Menschen auf der Welt geimpft sein. Darauf einigten sich die G-20-Gesundheitsminister in Rom. Das zweit\u00e4gige Treffen endete am 7. September 2021 mit einer Abschlusserkl\u00e4rung. Ziel ist eine Ausweitung der Produktion, sodass die Seren auch in \u00e4rmeren L\u00e4ndern appliziert werden k\u00f6nnen. Bis Jahresende will Deutschland f\u00fcr die internationale Corona-Impfkampagne einhundert Millionen Dosen bereitstellen, k\u00fcndigte Bundesgesundheitsminister Spahn an und f\u00fcgte hinzu, die Pandemie h\u00f6re erst auf, wenn sie auf der ganzen Welt vorbei sei.<\/p>\n\n\n\n<p>In Deutschland wird es vom 13. bis 19. September 2021 eine bundesweite Impf-Aktionswoche geben. Alle Akteure sollen unkomplizierte und kreative Angebote schaffen. Angesprochen werden hierbei Sportvereine, Kulturveranstalter, Unternehmen, \u00c4rzte, Apotheken und die freiwilligen Feuerwehren.<\/p>\n\n\n\n<p>In Deutschland will das Bundesgesundheitsministerium die Testverordnung so \u00e4ndern, dass ab Mitte Oktober 2021 Corona-Schnelltests nur noch in wenigen Ausnahmef\u00e4llen unentgeltlich sind. Die bisherige Regelung l\u00e4uft am 11. Oktober 2021 aus. Ein Entwurf f\u00fcr die Neufassung wurde bereits erarbeitet. Begr\u00fcndet wird dies mit den zur Verf\u00fcgung stehenden Impfangeboten. Mit Nachweis einer Impfung entf\u00e4llt in vielen Bereichen die Pflicht zur Vorlage einer Testbescheinigung.<\/p>\n\n\n\n<p>Die Gesundheitsminister der L\u00e4nder einigten sich am 6. September 2021 auf einheitliche Corona-Regeln f\u00fcr die Schulen. K\u00fcnftig soll bei einem positiven Fall nicht mehr f\u00fcr die Sch\u00fcler der gesamten Klasse Quarant\u00e4ne angeordnet werden. Au\u00dferdem soll es nach f\u00fcnft Tagen die M\u00f6glichkeit zum Freitesten geben.<\/p>\n\n\n\n<p>Zur Beurteilung der Corona-Situation soll k\u00fcnftig als Hauptkriterium die Zahl der Einweisung positiv getesteter Patienten in die Kliniken herangezogen werden. Ma\u00dfgebend bei der sogenannten Sieben-Tage-Inzidenz der Hospitalisierungen sind k\u00fcnfig die \u00fcbermittelten F\u00e4lle \u00fcber einen Zeitraum von einer Woche, bezogen auf 100&#8217;000 Einwohner. Einheitliche Schwellenwerte sind nicht mehr vorgesehen; die Eintscheidung obliegt den L\u00e4ndern unter Ber\u00fccksichtigung der regionalen Krankanhauskapazit\u00e4ten. Weitere Entscheidungskriterien sind die Impfquote, die nach Alter differenzierte Sieben-Tage-Inzidenz sowie verf\u00fcgbare intensivmedizinische Behandlungskapazit\u00e4ten.<\/p>\n\n\n\n<p>Mehrere Bundesl\u00e4nder wollen die Lohnfortzahlung f\u00fcr ungeimpfte Menschen im Falle einer angeordneten Quarant\u00e4ne beenden. In Baden-W\u00fcrttemberg und Rheinand-Pfals ist dies bereits beschlossen. \u00dcberlegungen hierzu gibt es in Niedersachsen, Mecklenburg-Vorpommern, Hessen, Bayern und Nordrhein-Westfalen.<\/p>\n\n\n\n<p>Nach Angaben der DAK wirkten sich die Corona-Ma\u00dfnahmen negativ auf die Gesundheit von Kindern und Jugendlichen aus. F\u00fcr die Untersuchung wurden die Daten von 800&#8217;000 DAK-Versicherten im Alter bis 17 Jahren aus dem Jahre 2020 ausgewertet und mit den Vorjahresdaten verglichen. Demnach nahmen die Krankenhausbehandlungen wegen Adipositas um 60 % zu, wegen Untergewicht um 35 %, wegen E\u00dfst\u00f6rungen wie Bulimie und Magersucht um fast 10 %. Gleichzeitig sank die Zahl der in den Krankenh\u00e4usern behandelten Infektionskrankheiten im Vergleich zum Jahr 2019.<\/p>\n\n\n\n<p>Das Unternehmen Biontech arbeitet an einem Serum, das Kindern im Alter zwischen f\u00fcnf und elf Jahren verabreicht werden kann. Es handele sich um dasselbe mRNA-Produkt, wie es f\u00fcr Erwachsene vorgesehen ist, jedoch weniger hoch dosiert. Die Produktion werde bereits vorbereitet; die Zulassung wolle der Konzern in den kommenden Wochen beantragen.<\/p>\n\n\n\n<p>Nach Ansicht der Gr\u00fcnder des Unternehmens Biontech, Sahin und T\u00fcreci, bleiben nur noch etwa 60 Tage Zeit, um einen &#8222;harten Winter&#8220; zu vermeiden. Sie fordern, das M\u00f6gliche zu tun, um in den verbleibenden zwei Monaten soviele Menschen wie m\u00f6glich zu mobilisieren und alles daran zu setzen, unentschiedene Menschen von einer Impfung zu \u00fcberzeugen.<\/p>\n\n\n\n<p>Die St\u00e4ndige Impfkommission empfiehlt nun auch schwangeren und stillenden Frauen eine Impfung. Nicht geimpfte Frauen im geb\u00e4hrf\u00e4higen Alter sollten sich tunlichst noch vor der Schwangerschaft impfen lassen. Empfohlen werden die mRNA-Seren der Hersteller Biontec und Moderna.<\/p>\n\n\n\n<p>Derzeit zeigen sowohl die potenziellen Impflinge als auch \u00c4rzte kaum Interesse an einer dritten Impfung. Das stellte die Kassen\u00e4rztliche Bundesvereinigung fest. Einer der Gr\u00fcnde sei, dass noch keine Empfehlung der St\u00e4ndigen Impfkommission vorliege. Bislang erhielten rund 162&#8217;000 Menschen in Deutschland eine dritte Dosis.<\/p>\n\n\n\n<p>Eine in Kolumbien nachgewiesene SARS-CoV-2-Variante mit der Bezeichnung Mu stuft die WHO als &#8222;Variante von besonderem Interesse&#8220; ein und warnt vor einer m\u00f6glichen Impfstoff-Resistenz. Die Europ\u00e4ische Arzneimittelbeh\u00f6rde bezeichnet die Variante als &#8222;potenziell besorgniserregend&#8220;. Es finden Beratungen mit den Impfstoffentwicklern statt.<\/p>\n","protected":false},"excerpt":{"rendered":"<div class=\"mh-excerpt\"><p>Bis Ende des Jahres 2021 sollen mindestens 40 % aller Menschen auf der Welt geimpft sein. Darauf einigten sich die G-20-Gesundheitsminister in Rom. Das zweit\u00e4gige Treffen endete am 7. September 2021 mit einer Abschlusserkl\u00e4rung. Ziel <a class=\"mh-excerpt-more\" href=\"https:\/\/www.studiogera.de\/001\/2021\/09\/11\/weitere-meldungen-zu-den-themen-corona-und-impfen\/\" title=\"WEITERE MELDUNGEN ZU DEN THEMEN CORONA UND IMPFEN\">[&#8230;]<\/a><\/p>\n<\/div>","protected":false},"author":2,"featured_media":14677,"comment_status":"open","ping_status":"open","sticky":false,"template":"","format":"standard","meta":{"footnotes":""},"categories":[16],"tags":[],"class_list":{"0":"post-16412","1":"post","2":"type-post","3":"status-publish","4":"format-standard","5":"has-post-thumbnail","7":"category-kurzmitteilungen"},"_links":{"self":[{"href":"https:\/\/www.studiogera.de\/001\/wp-json\/wp\/v2\/posts\/16412","targetHints":{"allow":["GET"]}}],"collection":[{"href":"https:\/\/www.studiogera.de\/001\/wp-json\/wp\/v2\/posts"}],"about":[{"href":"https:\/\/www.studiogera.de\/001\/wp-json\/wp\/v2\/types\/post"}],"author":[{"embeddable":true,"href":"https:\/\/www.studiogera.de\/001\/wp-json\/wp\/v2\/users\/2"}],"replies":[{"embeddable":true,"href":"https:\/\/www.studiogera.de\/001\/wp-json\/wp\/v2\/comments?post=16412"}],"version-history":[{"count":1,"href":"https:\/\/www.studiogera.de\/001\/wp-json\/wp\/v2\/posts\/16412\/revisions"}],"predecessor-version":[{"id":16413,"href":"https:\/\/www.studiogera.de\/001\/wp-json\/wp\/v2\/posts\/16412\/revisions\/16413"}],"wp:featuredmedia":[{"embeddable":true,"href":"https:\/\/www.studiogera.de\/001\/wp-json\/wp\/v2\/media\/14677"}],"wp:attachment":[{"href":"https:\/\/www.studiogera.de\/001\/wp-json\/wp\/v2\/media?parent=16412"}],"wp:term":[{"taxonomy":"category","embeddable":true,"href":"https:\/\/www.studiogera.de\/001\/wp-json\/wp\/v2\/categories?post=16412"},{"taxonomy":"post_tag","embeddable":true,"href":"https:\/\/www.studiogera.de\/001\/wp-json\/wp\/v2\/tags?post=16412"}],"curies":[{"name":"wp","href":"https:\/\/api.w.org\/{rel}","templated":true}]}}