{"id":16424,"date":"2021-09-12T18:01:00","date_gmt":"2021-09-12T16:01:00","guid":{"rendered":"http:\/\/www.studiogera.de\/001\/?p=16424"},"modified":"2021-09-12T13:18:58","modified_gmt":"2021-09-12T11:18:58","slug":"geraer-volkshochschule-unterrichtet-in-zeichnen-und-malerei","status":"publish","type":"post","link":"https:\/\/www.studiogera.de\/001\/2021\/09\/12\/geraer-volkshochschule-unterrichtet-in-zeichnen-und-malerei\/","title":{"rendered":"GERAER VOLKSHOCHSCHULE UNTERRICHTET IN ZEICHNEN UND MALEREI"},"content":{"rendered":"\n<p>Am Montag, den 27. September 2021, beginnt in der Geraer Volkshochschule \u201eAenne Biermann\u201c der Kinder- und Jugendkursus \u201eZeichen und Malerei\u201c. Kursleiter ist der Cartoonist und K\u00fcnstler Christian Habicht.<\/p>\n\n\n\n<p>Der Kursus umfasst zehn Unterrichtungen, die jeweils montags von 16.15 bis 17.45 Uhr in den R\u00e4umen der Volkshochschule stattfinden. Interessierte Kinder und Jugendliche vom Schulbeginn bis zum Alter von 15 Jahren k\u00f6nnen sich noch kurzfristig anmelden; einzelne freie Pl\u00e4tze sind noch verf\u00fcgbar.<\/p>\n\n\n\n<p>In den Mal- und Zeichenkursen f\u00fcr Kinder und Jugendliche werden die Grundstrukturen des Zeichnens und Malens vorgestellt. In lockerer Atmosph\u00e4re zeichnen oder malen die jungen Teilnehmer und erwecken realistische Motive, z. B. Tiere, Pflanzen oder Objekte, bildnerisch zum Leben. Es besteht zudem die M\u00f6glichkeit, in unterschiedliche Techniken hinein zu schnuppern.<br>&nbsp;<br>Interessierte k\u00f6nnen sich telefonisch unter der Rufnummer 0365 55259317 oder \u00fcber&nbsp;&#8222;www.volkshochschule-gera.de&#8220;&nbsp;anmelden.<\/p>\n","protected":false},"excerpt":{"rendered":"<div class=\"mh-excerpt\"><p>Am Montag, den 27. September 2021, beginnt in der Geraer Volkshochschule \u201eAenne Biermann\u201c der Kinder- und Jugendkursus \u201eZeichen und Malerei\u201c. Kursleiter ist der Cartoonist und K\u00fcnstler Christian Habicht. Der Kursus umfasst zehn Unterrichtungen, die jeweils <a class=\"mh-excerpt-more\" href=\"https:\/\/www.studiogera.de\/001\/2021\/09\/12\/geraer-volkshochschule-unterrichtet-in-zeichnen-und-malerei\/\" title=\"GERAER VOLKSHOCHSCHULE UNTERRICHTET IN ZEICHNEN UND MALEREI\">[&#8230;]<\/a><\/p>\n<\/div>","protected":false},"author":3,"featured_media":11317,"comment_status":"open","ping_status":"open","sticky":false,"template":"","format":"standard","meta":{"footnotes":""},"categories":[16],"tags":[],"class_list":{"0":"post-16424","1":"post","2":"type-post","3":"status-publish","4":"format-standard","5":"has-post-thumbnail","7":"category-kurzmitteilungen"},"_links":{"self":[{"href":"https:\/\/www.studiogera.de\/001\/wp-json\/wp\/v2\/posts\/16424","targetHints":{"allow":["GET"]}}],"collection":[{"href":"https:\/\/www.studiogera.de\/001\/wp-json\/wp\/v2\/posts"}],"about":[{"href":"https:\/\/www.studiogera.de\/001\/wp-json\/wp\/v2\/types\/post"}],"author":[{"embeddable":true,"href":"https:\/\/www.studiogera.de\/001\/wp-json\/wp\/v2\/users\/3"}],"replies":[{"embeddable":true,"href":"https:\/\/www.studiogera.de\/001\/wp-json\/wp\/v2\/comments?post=16424"}],"version-history":[{"count":1,"href":"https:\/\/www.studiogera.de\/001\/wp-json\/wp\/v2\/posts\/16424\/revisions"}],"predecessor-version":[{"id":16425,"href":"https:\/\/www.studiogera.de\/001\/wp-json\/wp\/v2\/posts\/16424\/revisions\/16425"}],"wp:featuredmedia":[{"embeddable":true,"href":"https:\/\/www.studiogera.de\/001\/wp-json\/wp\/v2\/media\/11317"}],"wp:attachment":[{"href":"https:\/\/www.studiogera.de\/001\/wp-json\/wp\/v2\/media?parent=16424"}],"wp:term":[{"taxonomy":"category","embeddable":true,"href":"https:\/\/www.studiogera.de\/001\/wp-json\/wp\/v2\/categories?post=16424"},{"taxonomy":"post_tag","embeddable":true,"href":"https:\/\/www.studiogera.de\/001\/wp-json\/wp\/v2\/tags?post=16424"}],"curies":[{"name":"wp","href":"https:\/\/api.w.org\/{rel}","templated":true}]}}