{"id":16426,"date":"2021-09-12T13:38:36","date_gmt":"2021-09-12T11:38:36","guid":{"rendered":"http:\/\/www.studiogera.de\/001\/?p=16426"},"modified":"2021-09-12T13:38:37","modified_gmt":"2021-09-12T11:38:37","slug":"fotografisches-projekt-naehe-und-distanz-in-der-stadtbibliothek","status":"publish","type":"post","link":"https:\/\/www.studiogera.de\/001\/2021\/09\/12\/fotografisches-projekt-naehe-und-distanz-in-der-stadtbibliothek\/","title":{"rendered":"FOTOGRAFISCHES PROJEKT \u201eN\u00c4HE UND DISTANZ\u201c IN DER STADTBIBLIOTHEK"},"content":{"rendered":"\n<p>\u201eN\u00e4he und Distanz\u201c lautet der Titel des deutsch-polnischen Fotografieprojektes, welches seit Anfang September 2021 in der Stadt- und Regionalbibliothek zu sehen ist. Zur Vernissage am Dienstag, den 7. September 2021, \u00e4u\u00dferte sich Oberb\u00fcrgermeister Julian Vonarb sehr erfreut \u00fcber den Besuch der polnischen Partner und betonte, wie wichtig transnationale Arbeit ist und wie nachhaltig St\u00e4dtepartnerschaften gelebt werden k\u00f6nnen. Er dankte dem Geraer Frank R\u00fcdiger, der diese Ausstellung ins Leben gerufen hat.&nbsp;Bereits seit den 1980er Jahren bestehen pers\u00f6nliche und kollegiale Verbindungen zwischen Fotografen aus den beiden Partnerst\u00e4dten, die sich in mehreren Fotopleinairs sowie verschiedenen Ausstellungen in beiden Orten manifestierten. Um diese Beziehungen fortzusetzen, pr\u00e4sentieren Barbara Grabowska, Dr. Karol Grabowski und Zbygniew Gradowski gemeinsam mit Katja Wisotzki, Peer Jakobson und Frank R\u00fcdiger nun eine gemeinsame Exposition.<\/p>\n\n\n\n<p>Gleichzeitig zur Vernissage wurde mit dem Leuchtturmprojekt des deutsch-polnischen Jugendwerkes f\u00fcr Gera begonnen. Um st\u00e4dtepartnerschaftliche Beziehungen weiter zu aktivieren und gerade in Pandemiezeiten nicht einschlafen zu lassen, werden im kommenden Jahr Bedarfe ermittelt und Weiterbildungen konzipiert, die die partnerschaftliche Zusammenarbeit \u00fcber die L\u00e4ndergrenzen hinweg st\u00e4rken sollen.<\/p>\n\n\n\n<p>Der Abschluss soll im Jahr 2022 mit einer gemeinsamen Veranstaltung mit den polnischen Partnern und den lokalen Akteuren stattfinden, zu der ein digitaler 360\u00b0-Stadtrundgang durch die Ostth\u00fcringer Stadt erlebbar sein wird.<\/p>\n\n\n\n<p>QUELLE: STADTVERWALTUNG<\/p>\n","protected":false},"excerpt":{"rendered":"<div class=\"mh-excerpt\"><p>\u201eN\u00e4he und Distanz\u201c lautet der Titel des deutsch-polnischen Fotografieprojektes, welches seit Anfang September 2021 in der Stadt- und Regionalbibliothek zu sehen ist. Zur Vernissage am Dienstag, den 7. September 2021, \u00e4u\u00dferte sich Oberb\u00fcrgermeister Julian Vonarb <a class=\"mh-excerpt-more\" href=\"https:\/\/www.studiogera.de\/001\/2021\/09\/12\/fotografisches-projekt-naehe-und-distanz-in-der-stadtbibliothek\/\" title=\"FOTOGRAFISCHES PROJEKT \u201eN\u00c4HE UND DISTANZ\u201c IN DER STADTBIBLIOTHEK\">[&#8230;]<\/a><\/p>\n<\/div>","protected":false},"author":3,"featured_media":16428,"comment_status":"open","ping_status":"open","sticky":false,"template":"","format":"standard","meta":{"footnotes":""},"categories":[8],"tags":[],"class_list":{"0":"post-16426","1":"post","2":"type-post","3":"status-publish","4":"format-standard","5":"has-post-thumbnail","7":"category-kultur"},"_links":{"self":[{"href":"https:\/\/www.studiogera.de\/001\/wp-json\/wp\/v2\/posts\/16426","targetHints":{"allow":["GET"]}}],"collection":[{"href":"https:\/\/www.studiogera.de\/001\/wp-json\/wp\/v2\/posts"}],"about":[{"href":"https:\/\/www.studiogera.de\/001\/wp-json\/wp\/v2\/types\/post"}],"author":[{"embeddable":true,"href":"https:\/\/www.studiogera.de\/001\/wp-json\/wp\/v2\/users\/3"}],"replies":[{"embeddable":true,"href":"https:\/\/www.studiogera.de\/001\/wp-json\/wp\/v2\/comments?post=16426"}],"version-history":[{"count":1,"href":"https:\/\/www.studiogera.de\/001\/wp-json\/wp\/v2\/posts\/16426\/revisions"}],"predecessor-version":[{"id":16427,"href":"https:\/\/www.studiogera.de\/001\/wp-json\/wp\/v2\/posts\/16426\/revisions\/16427"}],"wp:featuredmedia":[{"embeddable":true,"href":"https:\/\/www.studiogera.de\/001\/wp-json\/wp\/v2\/media\/16428"}],"wp:attachment":[{"href":"https:\/\/www.studiogera.de\/001\/wp-json\/wp\/v2\/media?parent=16426"}],"wp:term":[{"taxonomy":"category","embeddable":true,"href":"https:\/\/www.studiogera.de\/001\/wp-json\/wp\/v2\/categories?post=16426"},{"taxonomy":"post_tag","embeddable":true,"href":"https:\/\/www.studiogera.de\/001\/wp-json\/wp\/v2\/tags?post=16426"}],"curies":[{"name":"wp","href":"https:\/\/api.w.org\/{rel}","templated":true}]}}