{"id":16491,"date":"2021-09-17T11:35:09","date_gmt":"2021-09-17T09:35:09","guid":{"rendered":"http:\/\/www.studiogera.de\/001\/?p=16491"},"modified":"2021-09-17T11:35:10","modified_gmt":"2021-09-17T09:35:10","slug":"gemeinsames-fruehstueck-mit-programmvorstellung-in-der-theaterfabrik","status":"publish","type":"post","link":"https:\/\/www.studiogera.de\/001\/2021\/09\/17\/gemeinsames-fruehstueck-mit-programmvorstellung-in-der-theaterfabrik\/","title":{"rendered":"GEMEINSAMES FR\u00dcHST\u00dcCK MIT PROGRAMMVORSTELLUNG IN DER THEATERFABRIK"},"content":{"rendered":"\n<p>Mit dem Fabrikfr\u00fchst\u00fcck am Sonntag, den 19. September, ab 11 Uhr, l\u00e4utet die Theaterfabrik in der Tonhalle im gro\u00dfen Saal, erstes Obergeschoss, die neue Spielzeit ein. Traditionell, nach dem Motto \u201ewir die Br\u00f6tchen \u2014 ihr den Belag\u201c soll wieder miteinander gefr\u00fchst\u00fcckt werden, allerdings in diesem Jahr anders als sonst. Es wurde ein Hygienekonzept entwickelt, was es trotz allem erm\u00f6glicht, in geselliger Atmosph\u00e4re miteinander speisen zu k\u00f6nnen. Doch nicht nur das Fabrikfr\u00fchst\u00fcck wird in dieser Spielzeit anders sein als sonst, sondern auch die Kurse und Projekte. Hierf\u00fcr hat sich Leiterin Theresa Kawalek gemeinsam mit ihren Mitstreitern kreative L\u00f6sungen einfallen lassen, um auch in dieser Zeit die Pforten der Theaterfabrik endlich wieder \u00f6ffnen zu k\u00f6nnen. Wer neugierig geworden ist, sollte also am Sonntag unbedingt in der Theaterfabrik dabei sein, wenn dort das neue Programm vorgestellt wird. Zudem ist es m\u00f6glich, sich an diesem Tag f\u00fcr Kurse und Projekte anzumelden.<\/p>\n\n\n\n<p>Die Theaterfabrik ist in Gera die theaterp\u00e4dagogische Abteilung des Theaters Altenburg Gera. Hier haben Kinder, Jugendliche und Erwachsene die M\u00f6glichkeit, an unterschiedlichen Theaterprojekten und Kursen teilzunehmen und selbst kreativ zu werden.<\/p>\n","protected":false},"excerpt":{"rendered":"<div class=\"mh-excerpt\"><p>Mit dem Fabrikfr\u00fchst\u00fcck am Sonntag, den 19. September, ab 11 Uhr, l\u00e4utet die Theaterfabrik in der Tonhalle im gro\u00dfen Saal, erstes Obergeschoss, die neue Spielzeit ein. Traditionell, nach dem Motto \u201ewir die Br\u00f6tchen \u2014 ihr <a class=\"mh-excerpt-more\" href=\"https:\/\/www.studiogera.de\/001\/2021\/09\/17\/gemeinsames-fruehstueck-mit-programmvorstellung-in-der-theaterfabrik\/\" title=\"GEMEINSAMES FR\u00dcHST\u00dcCK MIT PROGRAMMVORSTELLUNG IN DER THEATERFABRIK\">[&#8230;]<\/a><\/p>\n<\/div>","protected":false},"author":2,"featured_media":12592,"comment_status":"open","ping_status":"open","sticky":false,"template":"","format":"standard","meta":{"footnotes":""},"categories":[15],"tags":[],"class_list":{"0":"post-16491","1":"post","2":"type-post","3":"status-publish","4":"format-standard","5":"has-post-thumbnail","7":"category-theater"},"_links":{"self":[{"href":"https:\/\/www.studiogera.de\/001\/wp-json\/wp\/v2\/posts\/16491","targetHints":{"allow":["GET"]}}],"collection":[{"href":"https:\/\/www.studiogera.de\/001\/wp-json\/wp\/v2\/posts"}],"about":[{"href":"https:\/\/www.studiogera.de\/001\/wp-json\/wp\/v2\/types\/post"}],"author":[{"embeddable":true,"href":"https:\/\/www.studiogera.de\/001\/wp-json\/wp\/v2\/users\/2"}],"replies":[{"embeddable":true,"href":"https:\/\/www.studiogera.de\/001\/wp-json\/wp\/v2\/comments?post=16491"}],"version-history":[{"count":1,"href":"https:\/\/www.studiogera.de\/001\/wp-json\/wp\/v2\/posts\/16491\/revisions"}],"predecessor-version":[{"id":16492,"href":"https:\/\/www.studiogera.de\/001\/wp-json\/wp\/v2\/posts\/16491\/revisions\/16492"}],"wp:featuredmedia":[{"embeddable":true,"href":"https:\/\/www.studiogera.de\/001\/wp-json\/wp\/v2\/media\/12592"}],"wp:attachment":[{"href":"https:\/\/www.studiogera.de\/001\/wp-json\/wp\/v2\/media?parent=16491"}],"wp:term":[{"taxonomy":"category","embeddable":true,"href":"https:\/\/www.studiogera.de\/001\/wp-json\/wp\/v2\/categories?post=16491"},{"taxonomy":"post_tag","embeddable":true,"href":"https:\/\/www.studiogera.de\/001\/wp-json\/wp\/v2\/tags?post=16491"}],"curies":[{"name":"wp","href":"https:\/\/api.w.org\/{rel}","templated":true}]}}