{"id":16495,"date":"2021-09-17T12:20:58","date_gmt":"2021-09-17T10:20:58","guid":{"rendered":"http:\/\/www.studiogera.de\/001\/?p=16495"},"modified":"2021-09-17T12:20:58","modified_gmt":"2021-09-17T10:20:58","slug":"das-theater-vom-17-bis-20-september-2021","status":"publish","type":"post","link":"https:\/\/www.studiogera.de\/001\/2021\/09\/17\/das-theater-vom-17-bis-20-september-2021\/","title":{"rendered":"DAS THEATER VOM 17. BIS 20. SEPTEMBER 2021"},"content":{"rendered":"\n<p>Die Spielzeit 2021\/2022 des Theaters Altenburg Gera h\u00e4lt f\u00fcr jeden Geschmack die passenden Angebote bereit. Den feierlichen Spielzeitauftakt bilden die Er\u00f6ffnungsgalas am Freitag, 17. September, um 19.30 Uhr im Gro\u00dfen Haus, am Sonntag, 19. September, um 14.30 Uhr und 19.30 Uhr im Altenburger Theaterzelt, sowie am Montag, 20. September, um 18 Uhr in der gleichen Spielst\u00e4tte. Als eingespieltes Moderatorenteam begr\u00fc\u00dfen Generalintendant Kay Kuntze und Schauspieldirektor Manuel Kressin das Publikum. Zur Er\u00f6ffnungsgala pr\u00e4sentieren Solistinnen und Solisten aller f\u00fcnf Sparten Ausschnitte aus verschiedenen Werken. Freuen Sie sich auf den heiter-beschwingten Auftakt mit \u201eGolliwogg\u2019s Cakewalk\u201c, Ausz\u00fcge aus dem Kabarettprogramm \u201ePudels Kern\u201c sowie Opernszenen aus \u201eEugen Onegin\u201c, \u201eIn der Strafkolonie\u201c, \u201eDie menschliche Stimme\u201c und \u201eDer Wildsch\u00fctz\u201c. Erleben Sie erste Einblicke in die Ballett-Urauff\u00fchrungen \u201eCorpus\u201c und \u201eErz\u00e4hlte Erinnerungen\u201c, Szenen aus den Tschechow-Dramen \u201eDer Heiratsantrag\u201c und \u201eThe Bear\u201c, ber\u00fchrende Passagen aus \u201eDie Ratten\u201c, \u201eVater\u201c und \u201eNathans Kinder\u201c, den fulminanten Auftritt der \u201eComedian Harmonists\u201c, einen Ausschnitt aus \u201eMein Freund Bunbury\u201c, sowie beschwingte Operetten- Nummern aus \u201eDie ganze Welt ist himmelblau!\u201c und \u201eDer Vetter aus Dingsda\u201c.<\/p>\n\n\n\n<p>Auch f\u00fcr das j\u00fcngere Publikum hat der September-Spielplan des Theaters Altenburg Gera etwas zu bieten: Am Samstag, 18. September, um 16 Uhr findet im Geraer Puppentheater die Premiere des Erz\u00e4hltheaters \u201eDer Wunderkasten\u201c f\u00fcr Kinder ab einem Alter von  sechs Jahren statt. Eine weitere Vorstellung folgt am Montag, 20. September 16 Uhr in der gleichen Spielst\u00e4tte. In dem St\u00fcck lassen zwei Geschichtenerz\u00e4hler die Kinder tief in ihren Wunderkasten blicken. Zu h\u00f6ren sind die spannenden Abenteuer des Hirtenjungen Sami, der viele Herausforderungen bestehen muss, um seine gro\u00dfe Liebe, die sch\u00f6ne Leila heiraten zu d\u00fcrfen. Doch dann nimmt die Geschichte eine unerwartete Wendung. Frei nach dem Kinderbuch des deutsch-syrischen Schriftstellers Rafik Schami ist \u201eDer Wunderkasten\u201c eine Liebeserkl\u00e4rung an die traditionelle Erz\u00e4hlkunst.<\/p>\n\n\n\n<p>Mit dem Fabrikfr\u00fchst\u00fcck am Sonntag, den 19. September ab 11 Uhr l\u00e4utet die Theaterfabrik in der Geraer Tonhalle im gro\u00dfen Saal die neue Spielzeit ein. Traditionell, nach dem Motto \u201ewir die Br\u00f6tchen \u2013 ihr den Belag\u201c soll wieder miteinander gefr\u00fchst\u00fcckt werden, allerdings in diesem Jahr anders als sonst. Es wurde ein Hygienekonzept entwickelt, welches es erm\u00f6glicht in geselliger Atmosph\u00e4re miteinander zu brunchen. Doch nicht nur das Fabrikfr\u00fchst\u00fcck wird in dieser Spielzeit anders sein als sonst, sondern auch die Kurse und Projekte. Hierf\u00fcr hat sich Leiterin Theresa Kawalek gemeinsam mit ihren Mitstreiter kreative L\u00f6sungen einfallen lassen, um auch in dieser Zeit, die Pforten der Theaterfabrik wieder \u00f6ffnen zu k\u00f6nnen. Wer neugierig geworden ist, sollte also unbedingt dabei sein. Zudem ist es an diesem Tag m\u00f6glich, sich f\u00fcr Kurse und Projekte anzumelden.<\/p>\n\n\n\n<p>Im Gro\u00dfen Haus Gera hat das Diseusen-Drama \u201eIch glaub\u2019, \u2019ne Dame werd\u2019 ich nie\u201c am Sonntag, 19. September um 18 Uhr Premiere. Eine weitere Auff\u00fchrung folgt am Montag, 20. September um 18 Uhr in der gleichen Spielst\u00e4tte. Ein Diseusen-Abend ist ein Klassiker der Kleinkunst: Eine Frau mit Stil singend am Mikrofon, begleitet von einem Tastenvirtuosen, dazu eine Auswahl von pikanten Chansons, die zum Lachen und Nachdenken anregen. Die Diseusen haben eine lange Tradition und bis heute nichts von ihrem Charme verloren. Mancher tituliert sie als Diven oder, noch schlimmer, als Damen \u2013 und wer will das schon sein? Gegen diese Bezeichnung erwehrt sich auch Michaela Dazian mithilfe unterhaltsamer Chansons unter anderem von Hildegard Knef, Trude Herr, Christiane Weber oder Helen Vita. Die Musikalische Leitung hat Olav Kr\u00f6ger.<\/p>\n\n\n\n<p>F\u00fcr alle, die selbst gern lesen oder sich f\u00fcr Literatur interessieren, findet an jedem dritten Montag im Monat in der Theaterfabrik, Clara-Zetkin-Stra\u00dfe 1 in Gera, die Les-Bar statt \u2014 eine ungezwungene Runde Lesebegeisterter aller Altersklassen, die sich einmal im Monat treffen, um \u00fcber ein zuvor gemeinsam ausgesuchtes Buch zu diskutieren. Der n\u00e4chste Termin ist am Montag, der 20. September um 19 Uhr. Gesprochen wird dann \u00fcber das Buch \u201eWer die Nachtigall st\u00f6rt\u201c von Harper Lee. Der Eintritt ist frei. Die Moderation der Leserunde \u00fcbernehmen Theresa Kawalek Leiterin der Theaterfabrik und Birgit Sp\u00f6rl, Konzertdramaturgin. Eingeladen sind ausdr\u00fccklich alle Literaturinteressierten. Das zu besprechende Buch gelesen zu haben, ist keine Bedingung, denn auch neugierige Fragen von Nichtlesern zum Buch sind willkommen.<\/p>\n\n\n\n<p>Mit einem Fr\u00fchst\u00fcckssnack l\u00e4utet Theaterp\u00e4dagogin Anna Fricke am Samstag, den 18. September ab 11 Uhr im Paul-Gustavus-Haus in Altenburg die neue Spielzeit des Theaters Altenburg Gera ein. Dort stellt sie in lockerer Atmosph\u00e4re, bei leckeren Waffeln und R\u00e4tselspa\u00df die kommenden theaterp\u00e4dagogischen Angebote vor. Um etwa 13 Uhr wird au\u00dferdem der Film \u201eJ\u00fcdisches Leben \u2014 eine Sammlung von Momentaufnahmen\u201c gezeigt. Der filmische Beitrag\u00a0 ist in der vergangenen Spielzeit im Rahmen des Th\u00fcringer Themenjahres \u201eNeun Jahrhunderte j\u00fcdisches Leben in Th\u00fcringen\u201c entstanden. Aufgrund der Th\u00fcringer Corona-Verordnung ist die Anzahl auf 25 Teilnehmer begrenzt.<\/p>\n","protected":false},"excerpt":{"rendered":"<div class=\"mh-excerpt\"><p>Die Spielzeit 2021\/2022 des Theaters Altenburg Gera h\u00e4lt f\u00fcr jeden Geschmack die passenden Angebote bereit. Den feierlichen Spielzeitauftakt bilden die Er\u00f6ffnungsgalas am Freitag, 17. September, um 19.30 Uhr im Gro\u00dfen Haus, am Sonntag, 19. September, <a class=\"mh-excerpt-more\" href=\"https:\/\/www.studiogera.de\/001\/2021\/09\/17\/das-theater-vom-17-bis-20-september-2021\/\" title=\"DAS THEATER VOM 17. BIS 20. SEPTEMBER 2021\">[&#8230;]<\/a><\/p>\n<\/div>","protected":false},"author":2,"featured_media":12430,"comment_status":"open","ping_status":"open","sticky":false,"template":"","format":"standard","meta":{"footnotes":""},"categories":[15],"tags":[],"class_list":{"0":"post-16495","1":"post","2":"type-post","3":"status-publish","4":"format-standard","5":"has-post-thumbnail","7":"category-theater"},"_links":{"self":[{"href":"https:\/\/www.studiogera.de\/001\/wp-json\/wp\/v2\/posts\/16495","targetHints":{"allow":["GET"]}}],"collection":[{"href":"https:\/\/www.studiogera.de\/001\/wp-json\/wp\/v2\/posts"}],"about":[{"href":"https:\/\/www.studiogera.de\/001\/wp-json\/wp\/v2\/types\/post"}],"author":[{"embeddable":true,"href":"https:\/\/www.studiogera.de\/001\/wp-json\/wp\/v2\/users\/2"}],"replies":[{"embeddable":true,"href":"https:\/\/www.studiogera.de\/001\/wp-json\/wp\/v2\/comments?post=16495"}],"version-history":[{"count":1,"href":"https:\/\/www.studiogera.de\/001\/wp-json\/wp\/v2\/posts\/16495\/revisions"}],"predecessor-version":[{"id":16496,"href":"https:\/\/www.studiogera.de\/001\/wp-json\/wp\/v2\/posts\/16495\/revisions\/16496"}],"wp:featuredmedia":[{"embeddable":true,"href":"https:\/\/www.studiogera.de\/001\/wp-json\/wp\/v2\/media\/12430"}],"wp:attachment":[{"href":"https:\/\/www.studiogera.de\/001\/wp-json\/wp\/v2\/media?parent=16495"}],"wp:term":[{"taxonomy":"category","embeddable":true,"href":"https:\/\/www.studiogera.de\/001\/wp-json\/wp\/v2\/categories?post=16495"},{"taxonomy":"post_tag","embeddable":true,"href":"https:\/\/www.studiogera.de\/001\/wp-json\/wp\/v2\/tags?post=16495"}],"curies":[{"name":"wp","href":"https:\/\/api.w.org\/{rel}","templated":true}]}}