{"id":16500,"date":"2021-09-20T07:01:00","date_gmt":"2021-09-20T05:01:00","guid":{"rendered":"http:\/\/www.studiogera.de\/001\/?p=16500"},"modified":"2021-09-17T13:25:07","modified_gmt":"2021-09-17T11:25:07","slug":"knappheiten-und-preissteigerungen-haben-mehrere-ursachen","status":"publish","type":"post","link":"https:\/\/www.studiogera.de\/001\/2021\/09\/20\/knappheiten-und-preissteigerungen-haben-mehrere-ursachen\/","title":{"rendered":"KNAPPHEITEN UND PREISSTEIGERUNGEN HABEN MEHRERE URSACHEN"},"content":{"rendered":"\n<p>Preisanstiege oder Lieferprobleme bei Rohstoffen, Vorprodukten und Waren sp\u00fcren derzeit 83 % der Unternehmen aus allen Wirtschaftszweigen. Das zeigt die neueste DIHK-Umfrage.<\/p>\n\n\n\n<p>Besonders knapp sind Kupfer, Aluminium und Holz, wobei gleichzeitig deutliche Preisanstiege zu verzeichnen sind. Zudem gibt es eine schwierige Marktlage bei Kunststoffen. \u00dcber alle Branchen hinweg sind Verpackungen Mangelware. Elektronikkomponenten sind ebenfalls in vielen Branchen schwer oder nur sehr teuer verf\u00fcgbar.<\/p>\n\n\n\n<p>Knappheiten und Preissteigerungen haben mehrere Ursachen. Am h\u00e4ufigsten nennen die Unternehmen die gestiegene Nachfrage auf der einen und die zu geringen Produktionskapazit\u00e4ten auf der anderen Seite als Grund. Bei mehr als der H\u00e4lfte der Unternehmen sorgen jeweils Transportprobleme sowie Produktionsausf\u00e4lle bei Zulieferern f\u00fcr Probleme. Die Transportprobleme stellen sich so dar, dass Containermangel und fehlende Frachtkapazit\u00e4ten auf Schiffen f\u00fcr St\u00f6rungen in den Lieferketten sorgen. In der Folge kommt es zu stark erh\u00f6hten Fracht- und Containerkosten. Zw\u00f6lf von einhundert Unternehmen berichten zudem, dass handelspolitischen Ma\u00dfnahmen der Grund f\u00fcr Lieferengp\u00e4sse und Preissteigerungen sind. Zudem f\u00fchren die mit der Corona-Situation begr\u00fcndeten Einschr\u00e4nkungen an wichtigen Umschlagh\u00e4fen in China zu erheblichen Verz\u00f6gerungen bei der Abfertigung von Containerschiffen.<\/p>\n\n\n\n<p>QUELLE: IHK OSTTH\u00dcRINGEN ZU GERA<\/p>\n","protected":false},"excerpt":{"rendered":"<div class=\"mh-excerpt\"><p>Preisanstiege oder Lieferprobleme bei Rohstoffen, Vorprodukten und Waren sp\u00fcren derzeit 83 % der Unternehmen aus allen Wirtschaftszweigen. Das zeigt die neueste DIHK-Umfrage. Besonders knapp sind Kupfer, Aluminium und Holz, wobei gleichzeitig deutliche Preisanstiege zu verzeichnen <a class=\"mh-excerpt-more\" href=\"https:\/\/www.studiogera.de\/001\/2021\/09\/20\/knappheiten-und-preissteigerungen-haben-mehrere-ursachen\/\" title=\"KNAPPHEITEN UND PREISSTEIGERUNGEN HABEN MEHRERE URSACHEN\">[&#8230;]<\/a><\/p>\n<\/div>","protected":false},"author":2,"featured_media":6084,"comment_status":"open","ping_status":"open","sticky":false,"template":"","format":"standard","meta":{"footnotes":""},"categories":[4],"tags":[],"class_list":{"0":"post-16500","1":"post","2":"type-post","3":"status-publish","4":"format-standard","5":"has-post-thumbnail","7":"category-wirtschaft"},"_links":{"self":[{"href":"https:\/\/www.studiogera.de\/001\/wp-json\/wp\/v2\/posts\/16500","targetHints":{"allow":["GET"]}}],"collection":[{"href":"https:\/\/www.studiogera.de\/001\/wp-json\/wp\/v2\/posts"}],"about":[{"href":"https:\/\/www.studiogera.de\/001\/wp-json\/wp\/v2\/types\/post"}],"author":[{"embeddable":true,"href":"https:\/\/www.studiogera.de\/001\/wp-json\/wp\/v2\/users\/2"}],"replies":[{"embeddable":true,"href":"https:\/\/www.studiogera.de\/001\/wp-json\/wp\/v2\/comments?post=16500"}],"version-history":[{"count":1,"href":"https:\/\/www.studiogera.de\/001\/wp-json\/wp\/v2\/posts\/16500\/revisions"}],"predecessor-version":[{"id":16501,"href":"https:\/\/www.studiogera.de\/001\/wp-json\/wp\/v2\/posts\/16500\/revisions\/16501"}],"wp:featuredmedia":[{"embeddable":true,"href":"https:\/\/www.studiogera.de\/001\/wp-json\/wp\/v2\/media\/6084"}],"wp:attachment":[{"href":"https:\/\/www.studiogera.de\/001\/wp-json\/wp\/v2\/media?parent=16500"}],"wp:term":[{"taxonomy":"category","embeddable":true,"href":"https:\/\/www.studiogera.de\/001\/wp-json\/wp\/v2\/categories?post=16500"},{"taxonomy":"post_tag","embeddable":true,"href":"https:\/\/www.studiogera.de\/001\/wp-json\/wp\/v2\/tags?post=16500"}],"curies":[{"name":"wp","href":"https:\/\/api.w.org\/{rel}","templated":true}]}}