{"id":16502,"date":"2021-09-21T07:01:00","date_gmt":"2021-09-21T05:01:00","guid":{"rendered":"http:\/\/www.studiogera.de\/001\/?p=16502"},"modified":"2021-09-17T13:36:23","modified_gmt":"2021-09-17T11:36:23","slug":"philharmonisches-konzert-am-29-september-2021","status":"publish","type":"post","link":"https:\/\/www.studiogera.de\/001\/2021\/09\/21\/philharmonisches-konzert-am-29-september-2021\/","title":{"rendered":"PHILHARMONISCHES KONZERT AM 29. SEPTEMBER 2021"},"content":{"rendered":"\n<p>Das Philharmonische Orchester Altenburg Gera widmet sich im ersten Philharmonischen Konzert am Mittwoch, den 29. September 2021, 19.30 Uhr im Konzertsaal in Gera den beiden Komponisten Claude Debussy (1862-1918) und Nino Rota (1911-1979). Weitere Darbietungen gibt es am Donnerstag, den 30. September 2021, 19.30 Uhr, sowie am Samstag, den 2. Oktober, um 19.30 Uhr in der gleichen Spielst\u00e4tte. Es folgt ein weiteres Konzert am Freitag, den 1. Oktober 2021, um 19.30 im Altenburger Theaterzelt.<\/p>\n\n\n\n<p>Claude Debussys \u201eZwei T\u00e4nze f\u00fcr Harfe und Streichorchester\u201c bezaubern durch ungew\u00f6hnliche Tonskalen, die seine Musik fern und sph\u00e4risch erscheinen lassen. Der Harfe als Soloinstrument widmete sich auch Nino Rota, den viele mit seinen Erfolgen als Filmmusikkomponist verbinden (Der Pate, Der Leopard, La dolce vita). Melodi\u00f6s und flie\u00dfend webt sein \u201eKonzert f\u00fcr Harfe und Orchester\u201c einen feinen Klangteppich. Der Reiz an Rotas \u201eKonzert f\u00fcr Streicher\u201c hingegen liegt im mal geheimnisvollen, mal rasanten Wechsel von Stimmungen und Motiven. Genauso liebevoll sind auch die Kl\u00e4nge der kleinen Geschichten, die Debussy in seiner Suite \u201eChildren\u2019s Corner\u201c erz\u00e4hlt. Diese bekannten Klavierst\u00fccke bearbeitete Hendrik Schn\u00f6ke, Solo-Klarinettist im Philharmonischen Orchester Altenburg Gera, eigens f\u00fcr dieses Konzert f\u00fcr die Bl\u00e4ser unseres Orchesters. Anneleen Lenaerts ist die Soloharfenistin der Wiener Philharmoniker und konzertiert sehr erfolgreich als international gefragte Solistin. Die Belgierin gewann eine eindrucksvolle Anzahl von Preisen bei Harfenwettbewerben.<\/p>\n\n\n\n<p>Das Philharmonische Orchester Altenburg Gera musiziert unter der Leitung von Generalmusikdirektor Ruben Gazarian. An der Harfe spielt Anneleen Lenaerts (Wiener Philharmoniker). Das Konzert findet in Kooperation mit dem Mitteldeutschen Rundfunk statt.<\/p>\n\n\n\n<p>Eintrittskarten sind an der Theaterkasse erh\u00e4ltlich. Diese k\u00f6nnen telefonisch unter der Rufnummer 0365 8279105 bzw. 03447 585160 sowie \u00fcber \u201ewww.theater-altenburg-gera.de\u201d reserviert werden.<\/p>\n\n\n\n<p>QUELLE: THEATER ALTENBURG GERA GGMBH<\/p>\n","protected":false},"excerpt":{"rendered":"<div class=\"mh-excerpt\"><p>Das Philharmonische Orchester Altenburg Gera widmet sich im ersten Philharmonischen Konzert am Mittwoch, den 29. September 2021, 19.30 Uhr im Konzertsaal in Gera den beiden Komponisten Claude Debussy (1862-1918) und Nino Rota (1911-1979). Weitere Darbietungen <a class=\"mh-excerpt-more\" href=\"https:\/\/www.studiogera.de\/001\/2021\/09\/21\/philharmonisches-konzert-am-29-september-2021\/\" title=\"PHILHARMONISCHES KONZERT AM 29. SEPTEMBER 2021\">[&#8230;]<\/a><\/p>\n<\/div>","protected":false},"author":2,"featured_media":12655,"comment_status":"open","ping_status":"open","sticky":false,"template":"","format":"standard","meta":{"footnotes":""},"categories":[15],"tags":[],"class_list":{"0":"post-16502","1":"post","2":"type-post","3":"status-publish","4":"format-standard","5":"has-post-thumbnail","7":"category-theater"},"_links":{"self":[{"href":"https:\/\/www.studiogera.de\/001\/wp-json\/wp\/v2\/posts\/16502","targetHints":{"allow":["GET"]}}],"collection":[{"href":"https:\/\/www.studiogera.de\/001\/wp-json\/wp\/v2\/posts"}],"about":[{"href":"https:\/\/www.studiogera.de\/001\/wp-json\/wp\/v2\/types\/post"}],"author":[{"embeddable":true,"href":"https:\/\/www.studiogera.de\/001\/wp-json\/wp\/v2\/users\/2"}],"replies":[{"embeddable":true,"href":"https:\/\/www.studiogera.de\/001\/wp-json\/wp\/v2\/comments?post=16502"}],"version-history":[{"count":1,"href":"https:\/\/www.studiogera.de\/001\/wp-json\/wp\/v2\/posts\/16502\/revisions"}],"predecessor-version":[{"id":16503,"href":"https:\/\/www.studiogera.de\/001\/wp-json\/wp\/v2\/posts\/16502\/revisions\/16503"}],"wp:featuredmedia":[{"embeddable":true,"href":"https:\/\/www.studiogera.de\/001\/wp-json\/wp\/v2\/media\/12655"}],"wp:attachment":[{"href":"https:\/\/www.studiogera.de\/001\/wp-json\/wp\/v2\/media?parent=16502"}],"wp:term":[{"taxonomy":"category","embeddable":true,"href":"https:\/\/www.studiogera.de\/001\/wp-json\/wp\/v2\/categories?post=16502"},{"taxonomy":"post_tag","embeddable":true,"href":"https:\/\/www.studiogera.de\/001\/wp-json\/wp\/v2\/tags?post=16502"}],"curies":[{"name":"wp","href":"https:\/\/api.w.org\/{rel}","templated":true}]}}