{"id":16506,"date":"2021-09-18T10:55:42","date_gmt":"2021-09-18T08:55:42","guid":{"rendered":"http:\/\/www.studiogera.de\/001\/?p=16506"},"modified":"2021-09-18T10:55:44","modified_gmt":"2021-09-18T08:55:44","slug":"interkulturelle-woche-bis-10-oktober-2021","status":"publish","type":"post","link":"https:\/\/www.studiogera.de\/001\/2021\/09\/18\/interkulturelle-woche-bis-10-oktober-2021\/","title":{"rendered":"INTERKULTURELLE WOCHE BIS 10. OKTOBER 2021"},"content":{"rendered":"\n<p>\u201eOffengeht\u201c ist das Motto zur deutschlandweiten Interkulturellen Woche 2021. Mit einem vielf\u00e4ltigen Programm pr\u00e4sentiert sich die diesj\u00e4hrige Interkulturelle Woche in Gera vom 11. September bis 10. Oktober 2021. Das Format wirbt im Rahmen verschiedenster Veranstaltungen und Aktionen f\u00fcr Akzeptanz und Toleranz. Erkl\u00e4rtes Ziel ist es, das Vertrauen in eine offene, demokratische Gesellschaft zu entwickeln, welche auf gegenseitigen Respekt und ein friedliches Miteinander setzt. Seit 30 Jahren wird die Interkulturelle Woche in Gera durchgef\u00fchrt und blickt daher auf eine lange Tradition zur\u00fcck. Federf\u00fchrend f\u00fcr die Veranstaltungsreihe sind die Stadt Gera und der Interkulturelle Verein Gera e.V.. Gemeinsam mit Vereinen, Verb\u00e4nden und engagierten st\u00e4dtischen Akteuren finden bis zum 10. Oktober 2021 Konzerte, Lesungen, Ausstellungen, Workshops und Feste statt.\u00a0 Oberb\u00fcrgermeister Julian Vonarb l\u00e4dt alle Interessierten zur Interkulturellen Woche ein: \u201eEs freut mich, dass sich so viele Vereine, Tr\u00e4ger und Organisationen beteiligen. Sie rufen auf, neugierig zu sein sowie gleiche, \u00e4hnliche und auch andere Sichtweisen, Kulturen und Religionen zu entdecken\u201c.<\/p>\n\n\n\n<p>Das Programm mit beinahe 30 Veranstaltungen deckt vielf\u00e4ltige Interessen ab: So l\u00e4dt der Demokratische Frauenbund LV Th\u00fcringen jeweils samstags bei landestypischer Kulinarik zu internationalen Thementagen \u00fcber syrische, russische, asiatische und deutsche Kultur ein. Ausstellungen, unter anderem \u00fcber Familien aus verschiedenen L\u00e4ndern und \u00fcber j\u00fcdische Fu\u00dfballpioniere in Deutschland zur Zeit des Nationalsozialismus, vermitteln visuell Interkulturalit\u00e4t. Der Vortrag aus dem Dezernat Jugend und Soziales mit dem Thema \u201eDiskriminierungserfahrung in der Stadt Gera und damit einhergehende Zivilcourage\u201c gibt den Teilnehmern am 28. September vertiefende Einblicke aus direkter N\u00e4he. In Kursen und Aktionen k\u00f6nnen Interessierte selbst aktiv werden. So gibt es zum Beispiel am 29. September 2021 von der \u201eThinka Gera\u201c in Kooperation mit der Arbeiterwohlfahrt, dem Stadtteilb\u00fcro Bieblach sowie der Informationspunkt der Verbraucherzentrale Th\u00fcringen eine mehrsprachige Aufkl\u00e4rung \u00fcber M\u00fclltrennung und M\u00fcllentsorgung und Sonderm\u00fcll an.<\/p>\n\n\n\n<p>Zum Aktionstag \u201eKinder lieben Geschichten, Eltern auch\u201c wird am 30. September 2021 ein von Kindern im Vorfeld gestaltetes Buch in Deutsch und Arabisch vorgelesen. Die IHK Gera und die HWK Gera laden am 01. Oktober 2021, zum Tag des Fl\u00fcchtlings, zu einer umfassenden Beratung \u00fcber Ausbildung, Arbeit und Qualifikation ein. Das Interkulturelle Konzert \u201eMusik verbindet und baut Br\u00fccken zwischen den Kulturen\u201c wird am gleichen Tag vom Verein \u201eMusik f\u00fcr Gera\u201c ab 19 Uhr veranstaltet<strong>.\u00a0 <\/strong>In diesem Konzert wird Musik aus verschiedenen Kulturen mit deutscher Musik gemeinsam zur Auff\u00fchrung gebracht. Das traditionelle Fest der Kulturen, veranstaltet vom\u00a0 Interkulturellen Verein Gera sowie\u00a0 dem Netzwerk Integration, findet am 2. Oktober 2021 ab 13.30 Uhr im Veranstaltungsoval im Hofwiesenpark statt. Nationalit\u00e4tenst\u00e4nde sind mit kasachischer Jurte, syrischen und afghanischen G\u00e4stezelt sowie kulinarischen Kostproben erlebbar. Dar\u00fcber hinaus gibt es Bastel- und Spielangebote f\u00fcr Kinder sowie Informations- und Mitmachangebote der Mitglieder des Netzwerkes Integration Gera.<\/p>\n\n\n\n<p>Das vollst\u00e4ndige Programm ist unter <a href=\"https:\/\/www.gera.de\/fm\/193\/tsdm_ikw_programmheft_final_V1.pdf\">https:\/\/www.gera.de\/fm\/193\/tsdm_ikw_programmheft_final_V1.pdf<\/a>&nbsp; abrufbar.<\/p>\n\n\n\n<p>Die deutschlandweit j\u00e4hrlich stattfindende Interkulturelle Woche (IKW) ist eine Initiative der Deutschen Bischofskonferenz, der Evangelischen Kirche in Deutschland und der Griechisch-Orthodoxen Metropolie. Sie findet seit 1975 j\u00e4hrlich Ende September statt und wird von Kirchen, Kommunen, Wohlfahrtsverb\u00e4nden, Gewerkschaften, Integrationsbeir\u00e4ten und Integrationsbeauftragten, Migrantenorganisationen, Religionsgemeinschaften und Initiativgruppen unterst\u00fctzt und mitgetragen. In rund 500 St\u00e4dten und Gemeinden gibt es tausende Veranstaltungen.<\/p>\n\n\n\n<p>QUELLE: STADTVERWALTUNG<\/p>\n","protected":false},"excerpt":{"rendered":"<div class=\"mh-excerpt\"><p>\u201eOffengeht\u201c ist das Motto zur deutschlandweiten Interkulturellen Woche 2021. Mit einem vielf\u00e4ltigen Programm pr\u00e4sentiert sich die diesj\u00e4hrige Interkulturelle Woche in Gera vom 11. September bis 10. Oktober 2021. Das Format wirbt im Rahmen verschiedenster Veranstaltungen <a class=\"mh-excerpt-more\" href=\"https:\/\/www.studiogera.de\/001\/2021\/09\/18\/interkulturelle-woche-bis-10-oktober-2021\/\" title=\"INTERKULTURELLE WOCHE BIS 10. OKTOBER 2021\">[&#8230;]<\/a><\/p>\n<\/div>","protected":false},"author":2,"featured_media":16507,"comment_status":"open","ping_status":"open","sticky":false,"template":"","format":"standard","meta":{"footnotes":""},"categories":[8],"tags":[],"class_list":{"0":"post-16506","1":"post","2":"type-post","3":"status-publish","4":"format-standard","5":"has-post-thumbnail","7":"category-kultur"},"_links":{"self":[{"href":"https:\/\/www.studiogera.de\/001\/wp-json\/wp\/v2\/posts\/16506","targetHints":{"allow":["GET"]}}],"collection":[{"href":"https:\/\/www.studiogera.de\/001\/wp-json\/wp\/v2\/posts"}],"about":[{"href":"https:\/\/www.studiogera.de\/001\/wp-json\/wp\/v2\/types\/post"}],"author":[{"embeddable":true,"href":"https:\/\/www.studiogera.de\/001\/wp-json\/wp\/v2\/users\/2"}],"replies":[{"embeddable":true,"href":"https:\/\/www.studiogera.de\/001\/wp-json\/wp\/v2\/comments?post=16506"}],"version-history":[{"count":1,"href":"https:\/\/www.studiogera.de\/001\/wp-json\/wp\/v2\/posts\/16506\/revisions"}],"predecessor-version":[{"id":16508,"href":"https:\/\/www.studiogera.de\/001\/wp-json\/wp\/v2\/posts\/16506\/revisions\/16508"}],"wp:featuredmedia":[{"embeddable":true,"href":"https:\/\/www.studiogera.de\/001\/wp-json\/wp\/v2\/media\/16507"}],"wp:attachment":[{"href":"https:\/\/www.studiogera.de\/001\/wp-json\/wp\/v2\/media?parent=16506"}],"wp:term":[{"taxonomy":"category","embeddable":true,"href":"https:\/\/www.studiogera.de\/001\/wp-json\/wp\/v2\/categories?post=16506"},{"taxonomy":"post_tag","embeddable":true,"href":"https:\/\/www.studiogera.de\/001\/wp-json\/wp\/v2\/tags?post=16506"}],"curies":[{"name":"wp","href":"https:\/\/api.w.org\/{rel}","templated":true}]}}