{"id":16593,"date":"2021-09-29T21:47:02","date_gmt":"2021-09-29T19:47:02","guid":{"rendered":"http:\/\/www.studiogera.de\/001\/?p=16593"},"modified":"2021-09-29T21:47:05","modified_gmt":"2021-09-29T19:47:05","slug":"rekord-fuer-gera-bei-der-aktion-stadtradeln","status":"publish","type":"post","link":"https:\/\/www.studiogera.de\/001\/2021\/09\/29\/rekord-fuer-gera-bei-der-aktion-stadtradeln\/","title":{"rendered":"REKORD F\u00dcR GERA BEI DER AKTION \u201eSTADTRADELN\u201c"},"content":{"rendered":"\n<p>Am vergangenen Wochenende ist die dritte Auflage der Stadtradeln-Aktion in Gera erfolgreich zu Ende gegangen. Nach derzeitigem Stand sammelten 584 aktive Radfahrer in 89 Mannschaften mehr als 118&#8217;000 Kilometer. Auch sieben Stadt-Parlamentarier sowie mehrere Ortsteilr\u00e4te beteiligten sich. Da nicht alle Teilnehmer per Smartphone ihre Radstrecken erfasst haben, besteht noch bis zum 9. Oktober 2021 die M\u00f6glichkeit, geradelte Kilometer unter \u201ewww.Stadtradeln.de\/gera\u201c nachzutragen.<\/p>\n\n\n\n<p>\u201eDas Ergebnis ist toll und wir konnten den Vorjahreswert \u00fcbertreffen\u201c, freut sich Klimaschutzmanager Thomas Krau\u00dfe und betont weiter: \u201eGerade auch an Schulen wird die Kampagne als Wettbewerb immer bekannter und beliebter. Diese Entwicklung ist sehr erfreulich und verstetigt sich bestenfalls. Es bedarf eines Hinterfragens und Ver\u00e4nderung allt\u00e4glicher Abl\u00e4ufe, gerade auch im Mobilit\u00e4tsverhalten. Vielen Dank f\u00fcr das Engagement aller Beteiligten.\u201c<\/p>\n\n\n\n<p>Nachdem zum Start der Aktion am 5. September lediglich 139 Radelnde beim Stadtradeln registriert waren, vervierfachte sich die Zahl innerhalb des dreiw\u00f6chigen Aktions-Zeitraums. \u201eIch freue mich, dass so viele Menschen teilgenommen und ihren Beitrag f\u00fcr ein besseres Klima geleistet haben. Das gesamte Stadtradeln-Team konnte somit 17 Tonnen CO\u2082 einsparen\u201c, so der Klimaschutzmanager weiter. Und das ist noch nicht alles: Die CO\u2082-Einsparung flie\u00dft auch in die Klimawette ein, die in Gera noch bis zum 1. November 2021 l\u00e4uft. Weitere Informationen dazu gibt es unter \u201ewww.dieklimawette.de\u201c.<\/p>\n\n\n\n<p>F\u00fcr alle Teilnehmer findet am 9. November eine Abschlussveranstaltung im Kultur- und Kongresszentrum statt. Neben der Pr\u00e4mierung der flei\u00dfigsten Fahrer wird auch der Film \u201eVerplant: Wie zwei Typen versuchen, mit dem Rad nach Vietnam zu fahren\u201c, zu sehen sein. Die Veranstaltung beginnt offiziell 17 Uhr; der Einlass ab 16 Uhr beinhaltet einen Sektempfang, bei dem auch der Regisseur des Films, Waldemar Schleicher, anwesend sein wird. Wer ebenfalls am 9. November dabei sein m\u00f6chte, kann sich anmelden unter \u201esportfoerderung@gera.de\u201c.<\/p>\n\n\n\n<p>QUELLE: STADTVERWALTUNG<\/p>\n","protected":false},"excerpt":{"rendered":"<div class=\"mh-excerpt\"><p>Am vergangenen Wochenende ist die dritte Auflage der Stadtradeln-Aktion in Gera erfolgreich zu Ende gegangen. Nach derzeitigem Stand sammelten 584 aktive Radfahrer in 89 Mannschaften mehr als 118&#8217;000 Kilometer. Auch sieben Stadt-Parlamentarier sowie mehrere Ortsteilr\u00e4te <a class=\"mh-excerpt-more\" href=\"https:\/\/www.studiogera.de\/001\/2021\/09\/29\/rekord-fuer-gera-bei-der-aktion-stadtradeln\/\" title=\"REKORD F\u00dcR GERA BEI DER AKTION \u201eSTADTRADELN\u201c\">[&#8230;]<\/a><\/p>\n<\/div>","protected":false},"author":2,"featured_media":16199,"comment_status":"open","ping_status":"open","sticky":false,"template":"","format":"standard","meta":{"footnotes":""},"categories":[8],"tags":[],"class_list":{"0":"post-16593","1":"post","2":"type-post","3":"status-publish","4":"format-standard","5":"has-post-thumbnail","7":"category-kultur"},"_links":{"self":[{"href":"https:\/\/www.studiogera.de\/001\/wp-json\/wp\/v2\/posts\/16593","targetHints":{"allow":["GET"]}}],"collection":[{"href":"https:\/\/www.studiogera.de\/001\/wp-json\/wp\/v2\/posts"}],"about":[{"href":"https:\/\/www.studiogera.de\/001\/wp-json\/wp\/v2\/types\/post"}],"author":[{"embeddable":true,"href":"https:\/\/www.studiogera.de\/001\/wp-json\/wp\/v2\/users\/2"}],"replies":[{"embeddable":true,"href":"https:\/\/www.studiogera.de\/001\/wp-json\/wp\/v2\/comments?post=16593"}],"version-history":[{"count":1,"href":"https:\/\/www.studiogera.de\/001\/wp-json\/wp\/v2\/posts\/16593\/revisions"}],"predecessor-version":[{"id":16594,"href":"https:\/\/www.studiogera.de\/001\/wp-json\/wp\/v2\/posts\/16593\/revisions\/16594"}],"wp:featuredmedia":[{"embeddable":true,"href":"https:\/\/www.studiogera.de\/001\/wp-json\/wp\/v2\/media\/16199"}],"wp:attachment":[{"href":"https:\/\/www.studiogera.de\/001\/wp-json\/wp\/v2\/media?parent=16593"}],"wp:term":[{"taxonomy":"category","embeddable":true,"href":"https:\/\/www.studiogera.de\/001\/wp-json\/wp\/v2\/categories?post=16593"},{"taxonomy":"post_tag","embeddable":true,"href":"https:\/\/www.studiogera.de\/001\/wp-json\/wp\/v2\/tags?post=16593"}],"curies":[{"name":"wp","href":"https:\/\/api.w.org\/{rel}","templated":true}]}}