{"id":16595,"date":"2021-10-05T06:01:00","date_gmt":"2021-10-05T04:01:00","guid":{"rendered":"http:\/\/www.studiogera.de\/001\/?p=16595"},"modified":"2021-09-29T21:56:37","modified_gmt":"2021-09-29T19:56:37","slug":"vortrag-zum-thema-demokratie-im-rathaussaal","status":"publish","type":"post","link":"https:\/\/www.studiogera.de\/001\/2021\/10\/05\/vortrag-zum-thema-demokratie-im-rathaussaal\/","title":{"rendered":"VORTRAG ZUM THEMA DEMOKRATIE IM RATHAUSSAAL"},"content":{"rendered":"\n<p>Am Mittwoch, den 6. Oktober 2021, findet zwischen 16 Uhr und 19 Uhr ein Themennachmittag mit Vortrag und Diskussion zum Thema \u201eDemokratie, Werte und Gesellschaft im Wandel\u201c im Rathaussaal am Kornmarkt statt.<\/p>\n\n\n\n<p>Der Vortrag zum Thema \u201eParit\u00e4tische Demokratie\u201c besch\u00e4ftigt sich mit der Frage, was die Europ\u00e4ische Union tun muss, um ihre Legitimit\u00e4t zu st\u00e4rken und ihre demokratischen Grundlagen zu bewahren. Die EU ist heute eine Demokratie, die M\u00e4nnern und Frauen gleiche formale Rechte gew\u00e4hrt. Thema ist die Pr\u00e4senz von Frauen in F\u00fchrungs- und Entscheidungspositionen, unter anderem im Europ\u00e4ischen Parlament. Referentin ist Brigitte Triems, ehemalige Vorsitzende der Internationalen Demokratischen Frauenf\u00f6deration (IDFF) und ehemalige Vorsitzende des Deutschen Frauenrates. Einen zweiten Impulsvortrag h\u00e4lt Henny Engels, ehemalige Gesch\u00e4ftsf\u00fchrerin des Deutschen Frauenrates und ehemalige Verbandsreferentin bei der Katholischen Frauengemeinschaft Deutschland. Sie referiert \u00fcber das Perspektivpapier \u201eForum Menschenrechte\u201c und thematisiert gesellschaftliche Defizite, die die Corona-Pandemie verst\u00e4rkt zum Vorschein gebracht hat.<br>Die Moderation der gesamten Veranstaltung sowie der Diskussion \u00fcbernimmt Margot Papenheim, Referentin und Redakteurin der Evangelischen Frauen in Deutschland.<\/p>\n\n\n\n<p>Die Veranstaltung ist unentgeltlich. Es wird um Voranmeldung unter der Rufnummer 0365 5525930, \u00fcber \u201eservice@volkshochschule-gera.de\u201c oder \u201ewww.volkshochschule-gera.de\u201c gebeten. Die Veranstaltung wird gef\u00f6rdert durch das Th\u00fcringer Ministerium f\u00fcr Bildung, Jugend und Sport, und findet in Kooperation mit der Gleichstellungsbeauftragten der Stadt Gera statt.<\/p>\n","protected":false},"excerpt":{"rendered":"<div class=\"mh-excerpt\"><p>Am Mittwoch, den 6. Oktober 2021, findet zwischen 16 Uhr und 19 Uhr ein Themennachmittag mit Vortrag und Diskussion zum Thema \u201eDemokratie, Werte und Gesellschaft im Wandel\u201c im Rathaussaal am Kornmarkt statt. Der Vortrag zum <a class=\"mh-excerpt-more\" href=\"https:\/\/www.studiogera.de\/001\/2021\/10\/05\/vortrag-zum-thema-demokratie-im-rathaussaal\/\" title=\"VORTRAG ZUM THEMA DEMOKRATIE IM RATHAUSSAAL\">[&#8230;]<\/a><\/p>\n<\/div>","protected":false},"author":2,"featured_media":5263,"comment_status":"open","ping_status":"open","sticky":false,"template":"","format":"standard","meta":{"footnotes":""},"categories":[16],"tags":[],"class_list":{"0":"post-16595","1":"post","2":"type-post","3":"status-publish","4":"format-standard","5":"has-post-thumbnail","7":"category-kurzmitteilungen"},"_links":{"self":[{"href":"https:\/\/www.studiogera.de\/001\/wp-json\/wp\/v2\/posts\/16595","targetHints":{"allow":["GET"]}}],"collection":[{"href":"https:\/\/www.studiogera.de\/001\/wp-json\/wp\/v2\/posts"}],"about":[{"href":"https:\/\/www.studiogera.de\/001\/wp-json\/wp\/v2\/types\/post"}],"author":[{"embeddable":true,"href":"https:\/\/www.studiogera.de\/001\/wp-json\/wp\/v2\/users\/2"}],"replies":[{"embeddable":true,"href":"https:\/\/www.studiogera.de\/001\/wp-json\/wp\/v2\/comments?post=16595"}],"version-history":[{"count":1,"href":"https:\/\/www.studiogera.de\/001\/wp-json\/wp\/v2\/posts\/16595\/revisions"}],"predecessor-version":[{"id":16596,"href":"https:\/\/www.studiogera.de\/001\/wp-json\/wp\/v2\/posts\/16595\/revisions\/16596"}],"wp:featuredmedia":[{"embeddable":true,"href":"https:\/\/www.studiogera.de\/001\/wp-json\/wp\/v2\/media\/5263"}],"wp:attachment":[{"href":"https:\/\/www.studiogera.de\/001\/wp-json\/wp\/v2\/media?parent=16595"}],"wp:term":[{"taxonomy":"category","embeddable":true,"href":"https:\/\/www.studiogera.de\/001\/wp-json\/wp\/v2\/categories?post=16595"},{"taxonomy":"post_tag","embeddable":true,"href":"https:\/\/www.studiogera.de\/001\/wp-json\/wp\/v2\/tags?post=16595"}],"curies":[{"name":"wp","href":"https:\/\/api.w.org\/{rel}","templated":true}]}}