{"id":16602,"date":"2021-09-29T22:28:29","date_gmt":"2021-09-29T20:28:29","guid":{"rendered":"http:\/\/www.studiogera.de\/001\/?p=16602"},"modified":"2021-09-29T22:28:33","modified_gmt":"2021-09-29T20:28:33","slug":"abschluss-der-veranstaltungsreihe-zum-thema-suizid","status":"publish","type":"post","link":"https:\/\/www.studiogera.de\/001\/2021\/09\/29\/abschluss-der-veranstaltungsreihe-zum-thema-suizid\/","title":{"rendered":"ABSCHLUSS DER VERANSTALTUNGSREIHE ZUM THEMA SUIZID"},"content":{"rendered":"\n<p>Die Stadt Gera thematisierte im September 2021 gemeinsam mit der Telefon-Seelsorge Ostth\u00fcringen sowie der Evangelisch-Lutherischen Kirchgemeinde Gera den Suizid und die Suizidpr\u00e4vention. Die Ausstellung des Vereins f\u00fcr Angeh\u00f6rige um Suizid (AGUS e. V.) \u201eGegen die Mauer des Schweigens\u201c, welche im Rathaus zwischen dem 7. September und 16. September 2021 f\u00fcr alle Interessierten zug\u00e4nglich war, bildete den Rahmen der Veranstaltungsreihe. Vortr\u00e4ge, Diskussionsrunden und ein Filmabend begleiteten die Ausstellung.<\/p>\n\n\n\n<p>Das Thema Suizid und Suizidpr\u00e4vention stie\u00df auf breites Interesse. Die Abschlussveranstaltung mit der Diskussion zum Thema \u201eWieviel Offenheit vertr\u00e4gt das Thema Suizid? \u2014 Social Media und Suizidpr\u00e4vention\u201c wurde von der Th\u00fcringer Medienanstalt\/Labor 14 aufgezeichnet und war vom 22. September bis 29. September 2021 im Offen Kanal Gera zu sehen.<\/p>\n\n\n\n<p>200 Personen besuchten die Ausstellung oder eine der Veranstaltungen im Rahmenprogramm. Anmeldungen h\u00e4tte es sogar noch mehr gegeben, erkl\u00e4rt Beate B\u00f6hm, Sucht- und Psychiatriekoordinatorin im Amt f\u00fcr Gesundheit und Versorgung: \u201eAufgrund der derzeitigen Hygienerichtlinien und der damit zusammenh\u00e4ngenden beschr\u00e4nkten Teilnehmerzahl war es uns jedoch nicht m\u00f6glich, allen Zutritt zu gew\u00e4hren. Es freut uns, dass wir neben der Informationsvermittlung zu diesem schwierigen Thema auch Raum f\u00fcr pers\u00f6nliche Gespr\u00e4che zwischen betroffenen Angeh\u00f6rigen, Hilfesuchenden und professionellen Beratern schaffen konnten. Dieses Angebot wurde sehr gut angenommen.\u201c<\/p>\n\n\n\n<p>Dabei standen der Respekt vor den Verstorbenen und den Hinterbliebenen sowie die W\u00fcrde im Umgang mit der Entscheidung des Suizidenten im Fokus. Frau B\u00f6hm f\u00fchle sich damit in ihrer Pr\u00e4ventionsarbeit best\u00e4tigt und f\u00fchrt weiter aus: \u201eSuizid und Suizidpr\u00e4vention bewegt die Menschen. Es darf kein Tabuthema sein und Betroffene sollten sich trauen, Hilfe zu suchen. Dazu braucht es jedoch mehr niedrigschwellige, unb\u00fcrokratische und wohnortnahe Krisenangebote, professionelle Therapieangebote ohne lange Wartezeiten und verf\u00fcgbare Informationen zu Unterst\u00fctzungsangeboten.\u201c Christiane Sachse, Leiterin der TelefonSeelsorge Ostth\u00fcringen, zeigt sich ebenfalls sehr zufrieden mit der Veranstaltungsreihe: \u201eWenn ich auf die Veranstaltungswoche zur\u00fcckblicke, freue ich mich in erster Linie dar\u00fcber, dass die Veranstaltungen so gut angenommen wurden. Dies zeigt, wie wichtig es ist, dem Thema Suizid einen Platz in der \u00f6ffentlichen Wahrnehmung zu geben. Unser Ziel war es, f\u00fcr das Thema zu sensibilisieren und einen Diskurs dar\u00fcber anzuregen. Es sollte ein Ansto\u00df sein, das Thema in der Zukunft weiter zu verfolgen.\u201c<\/p>\n\n\n\n<p>Veranstalter der Aufkl\u00e4rungswoche von \u201eGegen die Mauer des Schweigens\u201c waren die Stadt Gera, die Telefonseelsorge Ostth\u00fcringen, die Evangelisch-Lutherische Kirchgemeinde Gera in Kooperation mit dem Diakonieverbund Gera, der AGUS Weimar, dem SRH Wald-Klinikum, dem Nest-Netzwerk f\u00fcr Suizidpr\u00e4vention in Th\u00fcringen, dem Filmclub Comma e. V., dem Stadt- und Regionalbibliothek, der \u00d6kumenischen Akademie Gera\/ Altenburg, dem Th\u00fcringer Medienbildungszentrum Gera und der Kontaktstelle f\u00fcr Selbsthilfegruppen\/Behindertenbeauftragte der Stadt Gera.<\/p>\n\n\n\n<p>QUELLE: STADTVERWALTUNG<\/p>\n","protected":false},"excerpt":{"rendered":"<div class=\"mh-excerpt\"><p>Die Stadt Gera thematisierte im September 2021 gemeinsam mit der Telefon-Seelsorge Ostth\u00fcringen sowie der Evangelisch-Lutherischen Kirchgemeinde Gera den Suizid und die Suizidpr\u00e4vention. Die Ausstellung des Vereins f\u00fcr Angeh\u00f6rige um Suizid (AGUS e. V.) \u201eGegen die <a class=\"mh-excerpt-more\" href=\"https:\/\/www.studiogera.de\/001\/2021\/09\/29\/abschluss-der-veranstaltungsreihe-zum-thema-suizid\/\" title=\"ABSCHLUSS DER VERANSTALTUNGSREIHE ZUM THEMA SUIZID\">[&#8230;]<\/a><\/p>\n<\/div>","protected":false},"author":2,"featured_media":16603,"comment_status":"open","ping_status":"open","sticky":false,"template":"","format":"standard","meta":{"footnotes":""},"categories":[6],"tags":[],"class_list":{"0":"post-16602","1":"post","2":"type-post","3":"status-publish","4":"format-standard","5":"has-post-thumbnail","7":"category-gesellschaft"},"_links":{"self":[{"href":"https:\/\/www.studiogera.de\/001\/wp-json\/wp\/v2\/posts\/16602","targetHints":{"allow":["GET"]}}],"collection":[{"href":"https:\/\/www.studiogera.de\/001\/wp-json\/wp\/v2\/posts"}],"about":[{"href":"https:\/\/www.studiogera.de\/001\/wp-json\/wp\/v2\/types\/post"}],"author":[{"embeddable":true,"href":"https:\/\/www.studiogera.de\/001\/wp-json\/wp\/v2\/users\/2"}],"replies":[{"embeddable":true,"href":"https:\/\/www.studiogera.de\/001\/wp-json\/wp\/v2\/comments?post=16602"}],"version-history":[{"count":2,"href":"https:\/\/www.studiogera.de\/001\/wp-json\/wp\/v2\/posts\/16602\/revisions"}],"predecessor-version":[{"id":16605,"href":"https:\/\/www.studiogera.de\/001\/wp-json\/wp\/v2\/posts\/16602\/revisions\/16605"}],"wp:featuredmedia":[{"embeddable":true,"href":"https:\/\/www.studiogera.de\/001\/wp-json\/wp\/v2\/media\/16603"}],"wp:attachment":[{"href":"https:\/\/www.studiogera.de\/001\/wp-json\/wp\/v2\/media?parent=16602"}],"wp:term":[{"taxonomy":"category","embeddable":true,"href":"https:\/\/www.studiogera.de\/001\/wp-json\/wp\/v2\/categories?post=16602"},{"taxonomy":"post_tag","embeddable":true,"href":"https:\/\/www.studiogera.de\/001\/wp-json\/wp\/v2\/tags?post=16602"}],"curies":[{"name":"wp","href":"https:\/\/api.w.org\/{rel}","templated":true}]}}