{"id":16619,"date":"2021-09-29T22:59:15","date_gmt":"2021-09-29T20:59:15","guid":{"rendered":"http:\/\/www.studiogera.de\/001\/?p=16619"},"modified":"2021-09-29T22:59:17","modified_gmt":"2021-09-29T20:59:17","slug":"schauspielpremiere-helden-wie-wir-in-gera","status":"publish","type":"post","link":"https:\/\/www.studiogera.de\/001\/2021\/09\/29\/schauspielpremiere-helden-wie-wir-in-gera\/","title":{"rendered":"SCHAUSPIELPREMIERE \u201eHELDEN WIE WIR\u201c IN GERA"},"content":{"rendered":"\n<p>Von der Kritik 1995 als hei\u00df ersehnter Wenderoman gefeiert, wurde \u201eHelden wie wir\u201c von Thomas Brussig, geboren 1964, schnell zum Bestseller. Bitterb\u00f6se und herrlich satirisch nimmt der Erfolgsautor darin das Alltagsleben im Arbeiter- und Bauernstaat unter die Lupe, dessen Niedergang durch die schiere Gr\u00f6\u00dfe des Gem\u00e4chts von Klaus Uhltzscht besiegelt wird. Fast zwangsl\u00e4ufig folgten eine Verfilmung und eine Adaption f\u00fcr die B\u00fchne. Letztere, aus der Feder von Peter Dehler, ist am Samstag, 2. Oktober 2021, um 19.30 Uhr auf der B\u00fchne am Park in Gera zu sehen. Eine weitere Vorstellung folgt in der gleichen Spielst\u00e4tte am Sonntag, 3. Oktober 2021 um 14.30 Uhr. Die Regie f\u00fchrt Schauspieldirektor Manuel Kressin. Thomas C. Zinke schl\u00fcpft in diesem Ein-Personen-St\u00fcck in die Rolle jenes Sonderlings, der die ersten 21 Jahre seines Lebens in der DDR von 1968 bis 1989 zum Besten gibt.<\/p>\n\n\n\n<p>Nobelpreistr\u00e4ger wollte er werden, der DDR zu Glanz und Gloria verhelfen und den Sozialismus zum Sieg f\u00fchren \u2013 als Kind hatte Klaus Uhltzscht gro\u00dfe Tr\u00e4ume. Doch die Erf\u00fcllung dieser stellte sich als komplexer heraus als urspr\u00fcnglich angenommen. Klaus\u2019 Eltern, eine \u00fcberpenible Hygienefanatikerin und ein m\u00fcrrischer Widerling, sind keine gro\u00dfe Hilfe. Wichtige Informationen \u00fcber Bienchen und Bl\u00fcmchen muss er erst von anderen Jungen im Ferienlager erfahren. Nach und nach ger\u00e4t er immer mehr ins Hintertreffen.<\/p>\n\n\n\n<p>Hin- und hergeworfen zwischen Minderwertigkeitskomplexen und Gr\u00f6\u00dfenwahn bleibt Klaus ein Au\u00dfenseiter. Sein Heranwachsen zwischen Prager Fr\u00fchling und friedlicher Revolution ist gepr\u00e4gt von Entt\u00e4uschungen und Frustration. Doch am 9. November 1989 schl\u00e4gt endlich seine gro\u00dfe Stunde. Er pers\u00f6nlich l\u00e4utet den Fall der Berliner Mauer ein: durch das Herunterlassen seiner Hose.<\/p>\n\n\n\n<p>Eintrittskarten sind an der Theaterkasse erh\u00e4ltlich. Diese k\u00f6nnen telefonisch unter der Rufnummer 0365 8279105 bzw. 03447 585160 sowie \u00fcber \u201ewww.theater-altenburg-gera.de\u201d reserviert werden.<\/p>\n\n\n\n<p>QUELLE: THEATER ALTENBURG GERA GGMBH<\/p>\n","protected":false},"excerpt":{"rendered":"<div class=\"mh-excerpt\"><p>Von der Kritik 1995 als hei\u00df ersehnter Wenderoman gefeiert, wurde \u201eHelden wie wir\u201c von Thomas Brussig, geboren 1964, schnell zum Bestseller. Bitterb\u00f6se und herrlich satirisch nimmt der Erfolgsautor darin das Alltagsleben im Arbeiter- und Bauernstaat <a class=\"mh-excerpt-more\" href=\"https:\/\/www.studiogera.de\/001\/2021\/09\/29\/schauspielpremiere-helden-wie-wir-in-gera\/\" title=\"SCHAUSPIELPREMIERE \u201eHELDEN WIE WIR\u201c IN GERA\">[&#8230;]<\/a><\/p>\n<\/div>","protected":false},"author":2,"featured_media":12864,"comment_status":"open","ping_status":"open","sticky":false,"template":"","format":"standard","meta":{"footnotes":""},"categories":[15],"tags":[],"class_list":{"0":"post-16619","1":"post","2":"type-post","3":"status-publish","4":"format-standard","5":"has-post-thumbnail","7":"category-theater"},"_links":{"self":[{"href":"https:\/\/www.studiogera.de\/001\/wp-json\/wp\/v2\/posts\/16619","targetHints":{"allow":["GET"]}}],"collection":[{"href":"https:\/\/www.studiogera.de\/001\/wp-json\/wp\/v2\/posts"}],"about":[{"href":"https:\/\/www.studiogera.de\/001\/wp-json\/wp\/v2\/types\/post"}],"author":[{"embeddable":true,"href":"https:\/\/www.studiogera.de\/001\/wp-json\/wp\/v2\/users\/2"}],"replies":[{"embeddable":true,"href":"https:\/\/www.studiogera.de\/001\/wp-json\/wp\/v2\/comments?post=16619"}],"version-history":[{"count":1,"href":"https:\/\/www.studiogera.de\/001\/wp-json\/wp\/v2\/posts\/16619\/revisions"}],"predecessor-version":[{"id":16620,"href":"https:\/\/www.studiogera.de\/001\/wp-json\/wp\/v2\/posts\/16619\/revisions\/16620"}],"wp:featuredmedia":[{"embeddable":true,"href":"https:\/\/www.studiogera.de\/001\/wp-json\/wp\/v2\/media\/12864"}],"wp:attachment":[{"href":"https:\/\/www.studiogera.de\/001\/wp-json\/wp\/v2\/media?parent=16619"}],"wp:term":[{"taxonomy":"category","embeddable":true,"href":"https:\/\/www.studiogera.de\/001\/wp-json\/wp\/v2\/categories?post=16619"},{"taxonomy":"post_tag","embeddable":true,"href":"https:\/\/www.studiogera.de\/001\/wp-json\/wp\/v2\/tags?post=16619"}],"curies":[{"name":"wp","href":"https:\/\/api.w.org\/{rel}","templated":true}]}}