{"id":16626,"date":"2021-09-30T09:20:47","date_gmt":"2021-09-30T07:20:47","guid":{"rendered":"http:\/\/www.studiogera.de\/001\/?p=16626"},"modified":"2021-09-30T09:21:34","modified_gmt":"2021-09-30T07:21:34","slug":"verkehrsunfall-auf-der-autobahn-4","status":"publish","type":"post","link":"https:\/\/www.studiogera.de\/001\/2021\/09\/30\/verkehrsunfall-auf-der-autobahn-4\/","title":{"rendered":"VERKEHRSUNFALL AUF DER AUTOBAHN 4"},"content":{"rendered":"\n<p>Das Tankl\u00f6schfahrzeug mit den hauptamtlichen Kr\u00e4ften, der FF Frankenthal und der FF Langenberg wurde am 30. September kurz nach Mitternacht zu einem Verkehrsunfall auf die Autobahn 4 in Richtung Dresden, kurz vor der Abfahrt Leumnitz, alarmiert. Das teilte die Feuerwehr mit. Ein LKW war dort auf einen Sicherungswagen eines Schwerlasttransporters aufgefahren. Die Besatzung des Tankl\u00f6schfahrzeuges \u00fcbernahm die Absperrma\u00dfnahmen, nahm mittels Bindemittel die Betriebsstoffe auf und unterst\u00fctze den Rettungsdienst. Zwei Personen wurden leicht verletzt.<\/p>\n","protected":false},"excerpt":{"rendered":"<div class=\"mh-excerpt\"><p>Das Tankl\u00f6schfahrzeug mit den hauptamtlichen Kr\u00e4ften, der FF Frankenthal und der FF Langenberg wurde am 30. September kurz nach Mitternacht zu einem Verkehrsunfall auf die Autobahn 4 in Richtung Dresden, kurz vor der Abfahrt Leumnitz, <a class=\"mh-excerpt-more\" href=\"https:\/\/www.studiogera.de\/001\/2021\/09\/30\/verkehrsunfall-auf-der-autobahn-4\/\" title=\"VERKEHRSUNFALL AUF DER AUTOBAHN 4\">[&#8230;]<\/a><\/p>\n<\/div>","protected":false},"author":3,"featured_media":11738,"comment_status":"open","ping_status":"open","sticky":false,"template":"","format":"standard","meta":{"footnotes":""},"categories":[13],"tags":[],"class_list":{"0":"post-16626","1":"post","2":"type-post","3":"status-publish","4":"format-standard","5":"has-post-thumbnail","7":"category-polizeiberichte"},"_links":{"self":[{"href":"https:\/\/www.studiogera.de\/001\/wp-json\/wp\/v2\/posts\/16626","targetHints":{"allow":["GET"]}}],"collection":[{"href":"https:\/\/www.studiogera.de\/001\/wp-json\/wp\/v2\/posts"}],"about":[{"href":"https:\/\/www.studiogera.de\/001\/wp-json\/wp\/v2\/types\/post"}],"author":[{"embeddable":true,"href":"https:\/\/www.studiogera.de\/001\/wp-json\/wp\/v2\/users\/3"}],"replies":[{"embeddable":true,"href":"https:\/\/www.studiogera.de\/001\/wp-json\/wp\/v2\/comments?post=16626"}],"version-history":[{"count":1,"href":"https:\/\/www.studiogera.de\/001\/wp-json\/wp\/v2\/posts\/16626\/revisions"}],"predecessor-version":[{"id":16627,"href":"https:\/\/www.studiogera.de\/001\/wp-json\/wp\/v2\/posts\/16626\/revisions\/16627"}],"wp:featuredmedia":[{"embeddable":true,"href":"https:\/\/www.studiogera.de\/001\/wp-json\/wp\/v2\/media\/11738"}],"wp:attachment":[{"href":"https:\/\/www.studiogera.de\/001\/wp-json\/wp\/v2\/media?parent=16626"}],"wp:term":[{"taxonomy":"category","embeddable":true,"href":"https:\/\/www.studiogera.de\/001\/wp-json\/wp\/v2\/categories?post=16626"},{"taxonomy":"post_tag","embeddable":true,"href":"https:\/\/www.studiogera.de\/001\/wp-json\/wp\/v2\/tags?post=16626"}],"curies":[{"name":"wp","href":"https:\/\/api.w.org\/{rel}","templated":true}]}}