{"id":16629,"date":"2021-09-30T16:37:06","date_gmt":"2021-09-30T14:37:06","guid":{"rendered":"http:\/\/www.studiogera.de\/001\/?p=16629"},"modified":"2021-09-30T16:37:06","modified_gmt":"2021-09-30T14:37:06","slug":"corona-warnstufe-i-seit-30-september-2021","status":"publish","type":"post","link":"https:\/\/www.studiogera.de\/001\/2021\/09\/30\/corona-warnstufe-i-seit-30-september-2021\/","title":{"rendered":"CORONA-WARNSTUFE I SEIT 30. SEPTEMBER 2021"},"content":{"rendered":"\n<p>F\u00fcr den Stadtkreis gilt seit dem 30. September 2021 die Corona-Warnstufe 1. Dies bedeutet, dass die Stadt Gera eine Allgemeinverf\u00fcgung erlassen muss, um das Infektionsgeschehen einzud\u00e4mmen. Diese liegt momentan zur Abstimmung beim Land Th\u00fcringen und wird voraussichtlich am Montag ver\u00f6ffentlicht. Ab Dienstag, den 5. Oktober 2021, gelten dann folgende Regelungen:<\/p>\n\n\n\n<p>Der Zugang zu Innenr\u00e4umen von Gastst\u00e4tten, Hotels, Schwimmb\u00e4dern, Freizeit- und Erlebnisb\u00e4dern und Thermen, Saunen, Fitnessstudios und Sporthallen ist nur m\u00f6glich f\u00fcr Menschen, die geimpft, genesen oder getestet sind (3G-Regel). Bei \u00f6ffentlichen und nicht\u00f6ffentlichen Veranstaltungen mit mehr als 100 Teilnehmern gilt ebenfalls die 3G-Regel.<\/p>\n\n\n\n<p>Akzeptiert werden folgende Tests:<\/p>\n\n\n\n<ul class=\"wp-block-list\"><li>offiziell bescheinigte Antigen-Schnelltests (nicht \u00e4lter als 24 Stunden)<\/li><li>PCR-Tests (nicht \u00e4lter als 48 Stunden)<\/li><li>Selbsttests vor Ort und unter Beobachtung<\/li><\/ul>\n\n\n\n<p>Kinder im Alter bis sechs Jahren ohne Symptome m\u00fcssen nicht getestet werden.\u00a0Als Nachweis gelten auch bescheinigte, in den Schulen durchgef\u00fchrte Tests f\u00fcr Kinder bis zu einem Alter von 17 Jahren. Veranstaltungen mit mehr als 250 Personen m\u00fcssen beim Gesundheitsamt angezeigt werden, und zwar zehn Werktage vor der Veranstaltung.\u00a0Bei Veranstaltungen m\u00fcssen jeder Person rechnerisch vier Quadratmeter Raumgr\u00f6\u00dfe zur Verf\u00fcgung gestellt werden. F\u00fcr Schulen, Kinderg\u00e4rten\u00a0und den organisierten Sport\u00a0gelten die Regelungen der Th\u00fcrSARS-CoV-2-KiJuSSp-VO, zu finden unter\u00a0&#8222;www.corona.gera.de\/verordnungen&#8220;.<br>\u00a0<br>Die Corona-Warnstufe 1 gilt so lange, bis die sogenannte Sieben-Tages-Inzidenz und die Hospitalisierungsrate an sieben aufeinander folgenden Tagen wieder die Werte von 35 bzw. 4 unterschreiten.<\/p>\n\n\n\n<p>QUELLE: STADTVERWALTUNG<\/p>\n","protected":false},"excerpt":{"rendered":"<div class=\"mh-excerpt\"><p>F\u00fcr den Stadtkreis gilt seit dem 30. September 2021 die Corona-Warnstufe 1. Dies bedeutet, dass die Stadt Gera eine Allgemeinverf\u00fcgung erlassen muss, um das Infektionsgeschehen einzud\u00e4mmen. Diese liegt momentan zur Abstimmung beim Land Th\u00fcringen und <a class=\"mh-excerpt-more\" href=\"https:\/\/www.studiogera.de\/001\/2021\/09\/30\/corona-warnstufe-i-seit-30-september-2021\/\" title=\"CORONA-WARNSTUFE I SEIT 30. SEPTEMBER 2021\">[&#8230;]<\/a><\/p>\n<\/div>","protected":false},"author":3,"featured_media":14677,"comment_status":"open","ping_status":"open","sticky":false,"template":"","format":"standard","meta":{"footnotes":""},"categories":[16],"tags":[],"class_list":{"0":"post-16629","1":"post","2":"type-post","3":"status-publish","4":"format-standard","5":"has-post-thumbnail","7":"category-kurzmitteilungen"},"_links":{"self":[{"href":"https:\/\/www.studiogera.de\/001\/wp-json\/wp\/v2\/posts\/16629","targetHints":{"allow":["GET"]}}],"collection":[{"href":"https:\/\/www.studiogera.de\/001\/wp-json\/wp\/v2\/posts"}],"about":[{"href":"https:\/\/www.studiogera.de\/001\/wp-json\/wp\/v2\/types\/post"}],"author":[{"embeddable":true,"href":"https:\/\/www.studiogera.de\/001\/wp-json\/wp\/v2\/users\/3"}],"replies":[{"embeddable":true,"href":"https:\/\/www.studiogera.de\/001\/wp-json\/wp\/v2\/comments?post=16629"}],"version-history":[{"count":1,"href":"https:\/\/www.studiogera.de\/001\/wp-json\/wp\/v2\/posts\/16629\/revisions"}],"predecessor-version":[{"id":16630,"href":"https:\/\/www.studiogera.de\/001\/wp-json\/wp\/v2\/posts\/16629\/revisions\/16630"}],"wp:featuredmedia":[{"embeddable":true,"href":"https:\/\/www.studiogera.de\/001\/wp-json\/wp\/v2\/media\/14677"}],"wp:attachment":[{"href":"https:\/\/www.studiogera.de\/001\/wp-json\/wp\/v2\/media?parent=16629"}],"wp:term":[{"taxonomy":"category","embeddable":true,"href":"https:\/\/www.studiogera.de\/001\/wp-json\/wp\/v2\/categories?post=16629"},{"taxonomy":"post_tag","embeddable":true,"href":"https:\/\/www.studiogera.de\/001\/wp-json\/wp\/v2\/tags?post=16629"}],"curies":[{"name":"wp","href":"https:\/\/api.w.org\/{rel}","templated":true}]}}