{"id":16631,"date":"2021-09-30T21:01:03","date_gmt":"2021-09-30T19:01:03","guid":{"rendered":"http:\/\/www.studiogera.de\/001\/?p=16631"},"modified":"2021-09-30T21:17:13","modified_gmt":"2021-09-30T19:17:13","slug":"hoehlerfest-vom-1-bis-3-oktober-2021-in-der-geraer-innenstadt","status":"publish","type":"post","link":"https:\/\/www.studiogera.de\/001\/2021\/09\/30\/hoehlerfest-vom-1-bis-3-oktober-2021-in-der-geraer-innenstadt\/","title":{"rendered":"H\u00d6HLERFEST VOM 1. BIS 3. OKTOBER 2021 IN DER GERAER INNENSTADT"},"content":{"rendered":"\n<p>Vom 1. bis 3. Oktober 2021 wird in der Geraer Innenstadt das drei\u00dfigste H\u00f6hlerfest gefeiert. Der Veranstaltungsbereich erstreckt sich vom Puschkin- und Museumsplatz, \u00fcber Marktplatz, Sorge und Gro\u00dfe Kirchstra\u00dfe bis hin zum Zschochernplatz und dem Nicolaiberg. Aufgebaut sind mehrere B\u00fchnen und Aktionsfl\u00e4chen.<\/p>\n\n\n\n<p>Eingeleitet wird das H\u00f6hlerfest am Freitag, den 1. Oktober, um 17.45 Uhr mit 784 Fanfarenst\u00f6\u00dfen des Fanfarenzuges Gera vom Balkon des Kultur- und Kongresszentrums und 784 Glockenschl\u00e4gen vom Rathausturm. Anschlie\u00dfend wird mit dem traditionellen Bierfassanstich durch Geras Oberb\u00fcrgermeister Julian Vonarb zusammen mit dem H\u00f6hlerverein das H\u00f6hlerfest offiziell er\u00f6ffnet. Mit der Er\u00f6ffnungstanzgala vom Tanzkreis Brillant sowie dem Kultkonzert der Vollmershainer Schalmeien beginnt das Abendprogramm auf dem Museumsplatz.<\/p>\n\n\n\n<p>Die Ausstellung Smartcity und Elektromobilit\u00e4t informiert am Samstag, den 2. Oktober, im Foyer I des KUK mit Vortr\u00e4gen und Kursen \u00fcber das autonome Fahren und dem fahrerlosen Kleinbus Emma. Au\u00dferdem stehen die traditionellen Zeremonien auf dem Programm. Um 16.15 Uhr beginnt auf dem Kornmarkt der H\u00f6hlerfestumzug des H\u00f6hlervereins durch die Innenstadt. H\u00f6hepunkt am Samstagabend ist das gro\u00dfe Feuerwerk an der Fassade des KUK.<\/p>\n\n\n\n<p>An den drei Festtagen wird Musik auf dem Johannisplatz, Steinweg und Zschochernplatz geboten \u2014 u. a. von \u201eBiba und die Butzem\u00e4nner\u201c, \u201eInkspot Swingband\u201c, \u201ePlan B\u201c, \u201eGoldhardt\u201c, \u201eStrandgut\u201c und \u201eCAT Henschelmann\u201c. F\u00fcr das leibliche Wohl sorgen eine Vielzahl gastronomischer St\u00e4nde. Auf dem stimmungsvollen Johannisplatz k\u00f6nnen im Weindorf verschiedene Weine, vorrangig aus deutschen Anbaugebieten, verkostet werden. Mittelalterliches Markttreiben gibt es an allen drei Festtagen auf dem Marktplatz. Neben traditioneller Musik, Kinderritterarena und Ritterturnieren sind auch H\u00e4ndler und Handwerk zu erkunden.<\/p>\n\n\n\n<p>Traditionell werden ebenso wieder F\u00fchrungen in den Historischen H\u00f6hlern sowie in den nicht\u00f6ffentlichen H\u00f6hlern durch den H\u00f6hlerverein angeboten. Die Gera-Information und der G\u00e4stef\u00fchrer Gera e. V. erm\u00f6glichen zudem wieder Stadtrundg\u00e4nge, wie den Rundgang mit dem Bierbrauer und Besichtigungen des Rathausturmes. Neben der B\u00fchne auf dem Museumsplatz bietet der Rummel zum H\u00f6hlerfest kleinen G\u00e4sten viel Spa\u00df mit Bungee Trampolin, Schmetterlingsbahn und vieles mehr. Fahrzeugpr\u00e4sentationen der Auto-Planet AG und dem Autohaus Hempel k\u00f6nnen auf der Sorge\/Ecke Humboldtstra\u00dfe besichtigt werden.<\/p>\n\n\n\n<p>Am verkaufsoffenen Sonntag, den 3. Oktober, werden viele Gesch\u00e4fte von 13 Uhr bis 19 Uhr ge\u00f6ffnet haben. Der Sonntag bietet den Festbesuchern noch einmal ein vielseitiges Programm. So wartet im Steinweg ein Kinderprogramm auf die Kleinsten und auf der Hauptb\u00fchne am Museumsplatz pr\u00e4sentiert das Vogtlandradio ein buntes Musikprogramm.<\/p>\n\n\n\n<p>QUELLE: STADTVERWALTUNG<\/p>\n","protected":false},"excerpt":{"rendered":"<div class=\"mh-excerpt\"><p>Vom 1. bis 3. Oktober 2021 wird in der Geraer Innenstadt das drei\u00dfigste H\u00f6hlerfest gefeiert. Der Veranstaltungsbereich erstreckt sich vom Puschkin- und Museumsplatz, \u00fcber Marktplatz, Sorge und Gro\u00dfe Kirchstra\u00dfe bis hin zum Zschochernplatz und dem <a class=\"mh-excerpt-more\" href=\"https:\/\/www.studiogera.de\/001\/2021\/09\/30\/hoehlerfest-vom-1-bis-3-oktober-2021-in-der-geraer-innenstadt\/\" title=\"H\u00d6HLERFEST VOM 1. BIS 3. OKTOBER 2021 IN DER GERAER INNENSTADT\">[&#8230;]<\/a><\/p>\n<\/div>","protected":false},"author":2,"featured_media":16632,"comment_status":"open","ping_status":"open","sticky":false,"template":"","format":"standard","meta":{"footnotes":""},"categories":[8],"tags":[],"class_list":{"0":"post-16631","1":"post","2":"type-post","3":"status-publish","4":"format-standard","5":"has-post-thumbnail","7":"category-kultur"},"_links":{"self":[{"href":"https:\/\/www.studiogera.de\/001\/wp-json\/wp\/v2\/posts\/16631","targetHints":{"allow":["GET"]}}],"collection":[{"href":"https:\/\/www.studiogera.de\/001\/wp-json\/wp\/v2\/posts"}],"about":[{"href":"https:\/\/www.studiogera.de\/001\/wp-json\/wp\/v2\/types\/post"}],"author":[{"embeddable":true,"href":"https:\/\/www.studiogera.de\/001\/wp-json\/wp\/v2\/users\/2"}],"replies":[{"embeddable":true,"href":"https:\/\/www.studiogera.de\/001\/wp-json\/wp\/v2\/comments?post=16631"}],"version-history":[{"count":2,"href":"https:\/\/www.studiogera.de\/001\/wp-json\/wp\/v2\/posts\/16631\/revisions"}],"predecessor-version":[{"id":16635,"href":"https:\/\/www.studiogera.de\/001\/wp-json\/wp\/v2\/posts\/16631\/revisions\/16635"}],"wp:featuredmedia":[{"embeddable":true,"href":"https:\/\/www.studiogera.de\/001\/wp-json\/wp\/v2\/media\/16632"}],"wp:attachment":[{"href":"https:\/\/www.studiogera.de\/001\/wp-json\/wp\/v2\/media?parent=16631"}],"wp:term":[{"taxonomy":"category","embeddable":true,"href":"https:\/\/www.studiogera.de\/001\/wp-json\/wp\/v2\/categories?post=16631"},{"taxonomy":"post_tag","embeddable":true,"href":"https:\/\/www.studiogera.de\/001\/wp-json\/wp\/v2\/tags?post=16631"}],"curies":[{"name":"wp","href":"https:\/\/api.w.org\/{rel}","templated":true}]}}