{"id":16645,"date":"2021-10-03T12:17:10","date_gmt":"2021-10-03T10:17:10","guid":{"rendered":"http:\/\/www.studiogera.de\/001\/?p=16645"},"modified":"2021-10-03T12:17:12","modified_gmt":"2021-10-03T10:17:12","slug":"foerdermittelbescheid-fuer-die-erstausstattung-der-geraer-wasserwehr-erhalten","status":"publish","type":"post","link":"https:\/\/www.studiogera.de\/001\/2021\/10\/03\/foerdermittelbescheid-fuer-die-erstausstattung-der-geraer-wasserwehr-erhalten\/","title":{"rendered":"F\u00d6RDERMITTELBESCHEID F\u00dcR DIE ERSTAUSSTATTUNG DER GERAER WASSERWEHR ERHALTEN"},"content":{"rendered":"\n<p>Oberb\u00fcrgermeister Julian Vonarb und Umweltamtsleiter Konrad Nickschick nahmen am 30. September 2021 einen F\u00f6rdermittelbescheid in H\u00f6he von 37&#8217;500 Euro f\u00fcr die Erstausstattung der Geraer Wasserwehr entgegen. Die symbolische \u00dcbergabe erfolgte in der Th\u00fcringer Landesfeuer- und Katastrophenschutzschule in Bad K\u00f6stritz durch Anja Siegesmund, Th\u00fcringer Ministerin f\u00fcr Umwelt, Energie und Naturschutz, und Georg Maier, Th\u00fcringer Minister f\u00fcr Inneres und Kommunales. Mit den Geldern werden unter anderem Materialien und Ausr\u00fcstung zur Bek\u00e4mpfung von akuten Wassergefahren wie Tauchpumpen, ein Boot und Notstromaggregate finanziert. Dazu kommen Werkzeuge wie Schaufeln, Hacken, Handschuhe und wasserfeste Kleidung, u. a. Wathosen, Gummistiefel und Westen.<\/p>\n\n\n\n<p>Oberb\u00fcrgermeister Vonarb sprach von gut angelegten F\u00f6rdermitteln und bedankte sich bei der Th\u00fcringer Aufbaubank, der Th\u00fcringer Landgesellschaft sowie der Deutschen Vereinigung f\u00fcr Wasserwirtschaft, Abwasser und Abfall e.V. f\u00fcr die Begleitung und Beratung: \u201eDas Naturereignis Hochwasser k\u00f6nnen wir nicht verhindern. Aber wir k\u00f6nnen einiges daf\u00fcr tun, dass es nicht zur Katastrophe wird. Die Gr\u00fcndung einer Wasserwehr aus ehrenamtlichen Helfern, welche die anderen Einsatzkr\u00e4fte im Rahmen der Abwehr von Wassergefahren aktiv unterst\u00fctzen, geh\u00f6rt dazu. Wir sind stolz f\u00fcr Gera \u00fcber 70 Freiwillige gefunden zu haben, die von uns intensiv geschult und f\u00fcr den Einsatzfall fit gemacht werden.\u201c Der Oberb\u00fcrgermeister dankte ihnen f\u00fcr ihr Engagement und ihre Bereitschaft, f\u00fcr andere da zu sein. Zudem w\u00fcrdigte er die Ortsteilr\u00e4te Geras, die sich intensiv f\u00fcr die Gr\u00fcndung der Wehr eingesetzt hatten.<\/p>\n\n\n\n<p>Die F\u00f6rdermittel stammen aus der F\u00f6rderrichtlinie f\u00fcr den Hochwasserschutz und der Flie\u00dfgew\u00e4sserentwicklung in Th\u00fcringen im Rahmen der Aktion \u201eFluss \u2013 Th\u00fcringer Gew\u00e4sser gemeinsam entwickeln\u201c. Gem\u00e4\u00df der Richtlinie z\u00e4hlt die Stadt Gera zu den Gemeinden im Hochwasserrisikogebiet mit hohem Schadenspotential und hat bei einer F\u00f6rderung von 75 % der Kosten einen Anspruch auf maximal 50&#8217;000 Euro. Zu den Bedingungen f\u00fcr die F\u00f6rderung der Erstausstattung geh\u00f6ren die Aufstellung einer einsatzf\u00e4higen Wasserwehr sowie die Ver\u00f6ffentlichung der Satzung und des Organisationsplans.<\/p>\n\n\n\n<p>Das Stadtgebiet Gera ist immer wieder von \u00dcberflutungen und Hochwasser betroffen, zuletzt am 13. Juli 2021, als infolge von Starkregen der Wipsebach und der Gessenbach innerhalb kurzer Zeit \u00fcber die Ufer getreten waren, was zu Sch\u00e4den in einigen Ortsteilen der Stadt f\u00fchrte. Aus diesem Grunde ist Gera entsprechend des Th\u00fcringer Wassergesetzes (Th\u00fcrWG) vom 28. Mai 2019 dazu verpflichtet, einen Wasserwehrdienst einzurichten und erforderliche Hilfsmittel dazu bereitzustellen. Gef\u00f6rdert wird die erstmalige Ausstattung zur Wahrnehmung des Wasserwehrdienstes nach \u00a7 55 Th\u00fcringer Wassergesetz durch die Th\u00fcringer Aufbaubank. Seit der offiziellen Berufung der rund 70 Ehrenamtlichen durch Oberb\u00fcrgermeister Vonarb am 30. April 2021 und der Wahl der Abschnittsleitungen und deren Stellvertretung ist die Einsatzf\u00e4higkeit des Wach- und Hilfsdienstes hergestellt. Zum Zeitpunkt des ersten Einsatzes in der Nacht vom 13. auf den 14. Juli 2021 war bereits rund die H\u00e4lfte der Mitglieder in den wichtigen Grundlagen geschult und verf\u00fcgte \u00fcber das notwendige Fach- und Praxiswissen, etwa zum korrekten Verbau von Sands\u00e4cken. Neben der Kontrolle gef\u00e4hrdeter Gew\u00e4sser geh\u00f6rten die Herstellung und Pr\u00fcfung der Meldeketten, die Alarmierung der Feuerwehr und die Weitergabe von Informationen an den Gew\u00e4sserunterhaltungsverband zu den Einsatzaufgaben.<\/p>\n\n\n\n<p>Bei der Wasserwehr mitmachen kann jeder, der vollj\u00e4hrig ist und sich den Aufgaben gewachsen f\u00fchlt. K\u00f6rperliche Fitness ist w\u00fcnschenswert, aber nicht zwingend erforderlich, weil die Aufgabenbereiche vielf\u00e4ltig sind. Hilfreich sind in jedem Falle Ortskenntnisse in den insgesamt elf Abschnitten im Stadtgebiet Gera. Die Abschnitte sind den Einzugsgebieten der Gew\u00e4sser II. Ordnung zugeordnet und k\u00f6nnen daher auch mehrere Ortsteile umfassen.<\/p>\n\n\n\n<p>N\u00e4here Informationen zur Geraer Wasserwehr erhalten Interessierte im Umweltamt der Stadtverwaltung, Amthorstra\u00dfe 11, 07545 Gera. Zu erreichen ist die Wasserwehr telefonisch unter der Rufnummer 0365 8384200 oder \u00fcber \u201ewasserwehr@gera.de\u201c.<\/p>\n\n\n\n<p>QUELLE: STADTVERWALTUNG<\/p>\n","protected":false},"excerpt":{"rendered":"<div class=\"mh-excerpt\"><p>Oberb\u00fcrgermeister Julian Vonarb und Umweltamtsleiter Konrad Nickschick nahmen am 30. September 2021 einen F\u00f6rdermittelbescheid in H\u00f6he von 37&#8217;500 Euro f\u00fcr die Erstausstattung der Geraer Wasserwehr entgegen. Die symbolische \u00dcbergabe erfolgte in der Th\u00fcringer Landesfeuer- und <a class=\"mh-excerpt-more\" href=\"https:\/\/www.studiogera.de\/001\/2021\/10\/03\/foerdermittelbescheid-fuer-die-erstausstattung-der-geraer-wasserwehr-erhalten\/\" title=\"F\u00d6RDERMITTELBESCHEID F\u00dcR DIE ERSTAUSSTATTUNG DER GERAER WASSERWEHR ERHALTEN\">[&#8230;]<\/a><\/p>\n<\/div>","protected":false},"author":2,"featured_media":1630,"comment_status":"open","ping_status":"open","sticky":false,"template":"","format":"standard","meta":{"footnotes":""},"categories":[16],"tags":[],"class_list":{"0":"post-16645","1":"post","2":"type-post","3":"status-publish","4":"format-standard","5":"has-post-thumbnail","7":"category-kurzmitteilungen"},"_links":{"self":[{"href":"https:\/\/www.studiogera.de\/001\/wp-json\/wp\/v2\/posts\/16645","targetHints":{"allow":["GET"]}}],"collection":[{"href":"https:\/\/www.studiogera.de\/001\/wp-json\/wp\/v2\/posts"}],"about":[{"href":"https:\/\/www.studiogera.de\/001\/wp-json\/wp\/v2\/types\/post"}],"author":[{"embeddable":true,"href":"https:\/\/www.studiogera.de\/001\/wp-json\/wp\/v2\/users\/2"}],"replies":[{"embeddable":true,"href":"https:\/\/www.studiogera.de\/001\/wp-json\/wp\/v2\/comments?post=16645"}],"version-history":[{"count":1,"href":"https:\/\/www.studiogera.de\/001\/wp-json\/wp\/v2\/posts\/16645\/revisions"}],"predecessor-version":[{"id":16646,"href":"https:\/\/www.studiogera.de\/001\/wp-json\/wp\/v2\/posts\/16645\/revisions\/16646"}],"wp:featuredmedia":[{"embeddable":true,"href":"https:\/\/www.studiogera.de\/001\/wp-json\/wp\/v2\/media\/1630"}],"wp:attachment":[{"href":"https:\/\/www.studiogera.de\/001\/wp-json\/wp\/v2\/media?parent=16645"}],"wp:term":[{"taxonomy":"category","embeddable":true,"href":"https:\/\/www.studiogera.de\/001\/wp-json\/wp\/v2\/categories?post=16645"},{"taxonomy":"post_tag","embeddable":true,"href":"https:\/\/www.studiogera.de\/001\/wp-json\/wp\/v2\/tags?post=16645"}],"curies":[{"name":"wp","href":"https:\/\/api.w.org\/{rel}","templated":true}]}}