{"id":16653,"date":"2021-10-03T12:41:36","date_gmt":"2021-10-03T10:41:36","guid":{"rendered":"http:\/\/www.studiogera.de\/001\/?p=16653"},"modified":"2021-10-03T12:43:32","modified_gmt":"2021-10-03T10:43:32","slug":"die-jugend-theater-redaktion-sucht-teilnehmer","status":"publish","type":"post","link":"https:\/\/www.studiogera.de\/001\/2021\/10\/03\/die-jugend-theater-redaktion-sucht-teilnehmer\/","title":{"rendered":"DIE JUGEND-THEATER-REDAKTION SUCHT TEILNEHMER"},"content":{"rendered":"\n<p>Die Theaterfabrik h\u00e4lt wieder interessante Angebote bereit. Mit dabei ist auch wieder der Kursus \u201eJugend-Theater-Redaktion\u201c, in dem es um das Ergr\u00fcnden von und das Schreiben \u00fcber Theater gehen soll. Was l\u00e4uft an einem F\u00fcnf-Sparten Theater? Was ber\u00fchrt, bewegt und interessiert das Publikum? Welches St\u00fcck darf niemand verpassen? Und auf welches k\u00f6nnte eher verzichtet werden? Im Kursus werden die Teilnehmer diesen Fragen nachgehen. Gemeinsame Vorstellungsbesuche werden ausgewertet, es gibt spannende Einblicke in Proben und M\u00f6glichkeiten zum Gespr\u00e4ch mit K\u00fcnstlern, Regisseuren sowie Dramaturgen und nat\u00fcrlich mit dem Publikum.<\/p>\n\n\n\n<p>Danach geht es um das Formulieren von Meinungen und das Schreiben von Rezensionen sowie Berichten. Zum Abschluss der Spielzeit soll wieder eine eigene Zeitung entstehen. Gesucht werden daf\u00fcr Teilnehmer ab 14 Jahren. Vorkenntnisse sind nicht erforderlich. In der neuen Spielzeit findet die Jugend-Theater-Redaktion diesmal mit zwei Gruppen von anstrebenden jungen Journalisten aus Gera und Altenburg statt. Das Angebot werden die Theaterp\u00e4dagoginnen Anna Fricke und Theresa Kawalek leiten.<\/p>\n\n\n\n<p>Zum Auftakt ist im Rahmen eines Kulturjournalismus-Kurses mit dem Kulturjournalisten Gert Deppe am 2. Oktober von 10 Uhr bis 18 Uhr, und am 3. Oktober von 10 Uhr bis 14 Uhr in der Theaterfabrik. Danach finden Redaktionstreffen zwei Mal im Monat in beiden St\u00e4dten und nach Absprache statt. Die Kursteilnahme kostet 50 Euro und beinhaltet den Arbeitskursus mit f\u00fcnf Vorstellungsbesuchen f\u00fcr die gesamte Spielzeit. Die Teilnehmerzahl ist begrenzt. Anmeldung sind \u00fcber \u201etheaterfabrik@theater-altenburg-gera.de\u201c und unter der Rufnummer 0365 8279290 m\u00f6glich.<\/p>\n\n\n\n<p>QUELLE: THEATER ALTENBURG GERA GGMBH<\/p>\n","protected":false},"excerpt":{"rendered":"<div class=\"mh-excerpt\"><p>Die Theaterfabrik h\u00e4lt wieder interessante Angebote bereit. Mit dabei ist auch wieder der Kursus \u201eJugend-Theater-Redaktion\u201c, in dem es um das Ergr\u00fcnden von und das Schreiben \u00fcber Theater gehen soll. Was l\u00e4uft an einem F\u00fcnf-Sparten Theater? <a class=\"mh-excerpt-more\" href=\"https:\/\/www.studiogera.de\/001\/2021\/10\/03\/die-jugend-theater-redaktion-sucht-teilnehmer\/\" title=\"DIE JUGEND-THEATER-REDAKTION SUCHT TEILNEHMER\">[&#8230;]<\/a><\/p>\n<\/div>","protected":false},"author":2,"featured_media":16654,"comment_status":"open","ping_status":"open","sticky":false,"template":"","format":"standard","meta":{"footnotes":""},"categories":[15],"tags":[],"class_list":{"0":"post-16653","1":"post","2":"type-post","3":"status-publish","4":"format-standard","5":"has-post-thumbnail","7":"category-theater"},"_links":{"self":[{"href":"https:\/\/www.studiogera.de\/001\/wp-json\/wp\/v2\/posts\/16653","targetHints":{"allow":["GET"]}}],"collection":[{"href":"https:\/\/www.studiogera.de\/001\/wp-json\/wp\/v2\/posts"}],"about":[{"href":"https:\/\/www.studiogera.de\/001\/wp-json\/wp\/v2\/types\/post"}],"author":[{"embeddable":true,"href":"https:\/\/www.studiogera.de\/001\/wp-json\/wp\/v2\/users\/2"}],"replies":[{"embeddable":true,"href":"https:\/\/www.studiogera.de\/001\/wp-json\/wp\/v2\/comments?post=16653"}],"version-history":[{"count":2,"href":"https:\/\/www.studiogera.de\/001\/wp-json\/wp\/v2\/posts\/16653\/revisions"}],"predecessor-version":[{"id":16657,"href":"https:\/\/www.studiogera.de\/001\/wp-json\/wp\/v2\/posts\/16653\/revisions\/16657"}],"wp:featuredmedia":[{"embeddable":true,"href":"https:\/\/www.studiogera.de\/001\/wp-json\/wp\/v2\/media\/16654"}],"wp:attachment":[{"href":"https:\/\/www.studiogera.de\/001\/wp-json\/wp\/v2\/media?parent=16653"}],"wp:term":[{"taxonomy":"category","embeddable":true,"href":"https:\/\/www.studiogera.de\/001\/wp-json\/wp\/v2\/categories?post=16653"},{"taxonomy":"post_tag","embeddable":true,"href":"https:\/\/www.studiogera.de\/001\/wp-json\/wp\/v2\/tags?post=16653"}],"curies":[{"name":"wp","href":"https:\/\/api.w.org\/{rel}","templated":true}]}}