{"id":16659,"date":"2021-10-04T17:05:12","date_gmt":"2021-10-04T15:05:12","guid":{"rendered":"http:\/\/www.studiogera.de\/001\/?p=16659"},"modified":"2021-10-04T17:05:13","modified_gmt":"2021-10-04T15:05:13","slug":"vorerst-keine-allgemeinverfuegung-fuer-die-stadt-gera","status":"publish","type":"post","link":"https:\/\/www.studiogera.de\/001\/2021\/10\/04\/vorerst-keine-allgemeinverfuegung-fuer-die-stadt-gera\/","title":{"rendered":"VORERST KEINE ALLGEMEINVERF\u00dcGUNG F\u00dcR DIE STADT GERA"},"content":{"rendered":"\n<p>F\u00fcr die Stadt Gera wird es vorerst keine Allgemeinverf\u00fcgung bez\u00fcglich einer Versch\u00e4rfung der Corona-Ma\u00dfnahmen geben. Grund daf\u00fcr ist, dass sowohl die Sieben-Tage-Inzidenz als auch die Hospitalisierungsinzidenz nach dem Inkrafttreten der Warnstufe 1 am\u00a030. September\u00a0wieder gesunken sind. \u201eW\u00fcrden wir die Allgemeinverf\u00fcgung heute erlassen, w\u00fcrde ab morgen im Gastgewerbe, bei Veranstaltungen oder in Fitnessstudios die 3G-Regelung gelten, also Zutritt nur f\u00fcr geimpfte, genesene oder getestete Personen. Bleiben die Zahlen weiter r\u00fcckl\u00e4ufig, k\u00f6nnten wir 3G am Donnerstag bereits wieder aufheben. Dieses Hin und Her m\u00f6chte ich gern vermeiden, deshalb warten wir ab, wie sich die Corona-Zahlen in den n\u00e4chsten Tagen entwickeln\u201c, so Oberb\u00fcrgermeister Julian Vonarb und erkl\u00e4rt weiter: \u201eLaut Eind\u00e4mmungserlass sind wir als Kommune verpflichtet, zu pr\u00fcfen, ob weitere Ma\u00dfnahmen notwendig sind. Dies haben wir getan und sind zu dem Entschluss gekommen, zun\u00e4chst die Lage weiter zu beobachten. Sollten die Zahlen jedoch wieder ansteigen, werden wir eine Allgemeinverf\u00fcgung erlassen\u00a0m\u00fcssen, mit dem Ziel, das Infektionsgeschehen einzud\u00e4mmen.\u201c<\/p>\n","protected":false},"excerpt":{"rendered":"<div class=\"mh-excerpt\"><p>F\u00fcr die Stadt Gera wird es vorerst keine Allgemeinverf\u00fcgung bez\u00fcglich einer Versch\u00e4rfung der Corona-Ma\u00dfnahmen geben. Grund daf\u00fcr ist, dass sowohl die Sieben-Tage-Inzidenz als auch die Hospitalisierungsinzidenz nach dem Inkrafttreten der Warnstufe 1 am\u00a030. September\u00a0wieder gesunken <a class=\"mh-excerpt-more\" href=\"https:\/\/www.studiogera.de\/001\/2021\/10\/04\/vorerst-keine-allgemeinverfuegung-fuer-die-stadt-gera\/\" title=\"VORERST KEINE ALLGEMEINVERF\u00dcGUNG F\u00dcR DIE STADT GERA\">[&#8230;]<\/a><\/p>\n<\/div>","protected":false},"author":3,"featured_media":14677,"comment_status":"open","ping_status":"open","sticky":false,"template":"","format":"standard","meta":{"footnotes":""},"categories":[16],"tags":[],"class_list":{"0":"post-16659","1":"post","2":"type-post","3":"status-publish","4":"format-standard","5":"has-post-thumbnail","7":"category-kurzmitteilungen"},"_links":{"self":[{"href":"https:\/\/www.studiogera.de\/001\/wp-json\/wp\/v2\/posts\/16659","targetHints":{"allow":["GET"]}}],"collection":[{"href":"https:\/\/www.studiogera.de\/001\/wp-json\/wp\/v2\/posts"}],"about":[{"href":"https:\/\/www.studiogera.de\/001\/wp-json\/wp\/v2\/types\/post"}],"author":[{"embeddable":true,"href":"https:\/\/www.studiogera.de\/001\/wp-json\/wp\/v2\/users\/3"}],"replies":[{"embeddable":true,"href":"https:\/\/www.studiogera.de\/001\/wp-json\/wp\/v2\/comments?post=16659"}],"version-history":[{"count":1,"href":"https:\/\/www.studiogera.de\/001\/wp-json\/wp\/v2\/posts\/16659\/revisions"}],"predecessor-version":[{"id":16660,"href":"https:\/\/www.studiogera.de\/001\/wp-json\/wp\/v2\/posts\/16659\/revisions\/16660"}],"wp:featuredmedia":[{"embeddable":true,"href":"https:\/\/www.studiogera.de\/001\/wp-json\/wp\/v2\/media\/14677"}],"wp:attachment":[{"href":"https:\/\/www.studiogera.de\/001\/wp-json\/wp\/v2\/media?parent=16659"}],"wp:term":[{"taxonomy":"category","embeddable":true,"href":"https:\/\/www.studiogera.de\/001\/wp-json\/wp\/v2\/categories?post=16659"},{"taxonomy":"post_tag","embeddable":true,"href":"https:\/\/www.studiogera.de\/001\/wp-json\/wp\/v2\/tags?post=16659"}],"curies":[{"name":"wp","href":"https:\/\/api.w.org\/{rel}","templated":true}]}}