{"id":16678,"date":"2021-10-05T19:39:51","date_gmt":"2021-10-05T17:39:51","guid":{"rendered":"http:\/\/www.studiogera.de\/001\/?p=16678"},"modified":"2021-10-05T20:02:36","modified_gmt":"2021-10-05T18:02:36","slug":"der-buecherherbst-2021-in-der-geraer-bibliothek","status":"publish","type":"post","link":"https:\/\/www.studiogera.de\/001\/2021\/10\/05\/der-buecherherbst-2021-in-der-geraer-bibliothek\/","title":{"rendered":"DER B\u00dcCHERHERBST 2021 IN DER GERAER BIBLIOTHEK"},"content":{"rendered":"\n<p>Die Geraer Stadt- und Regionalbibliothek stellt ihr umfangreiches Veranstaltungsprogramm f\u00fcr das vierte Quartal in diesem Jahr vor.<\/p>\n\n\n\n<p>Am 7. Oktober 2021 beginnt um 19.30 Uhr der B\u00fccherherbst mit einer Lesung von Mirko Kr\u00fcger aus seinem Buch \u201eDDR f\u00fcr Klugschei\u00dfer: Popul\u00e4re Irrt\u00fcmer und andere Weisheiten\u201c. Er thematisiert in seinem Buch Fragen rund um die DDR. Was war die DDR? Wie war die DDR? Wird sie von Ampelm\u00e4nnchen und bezahlbaren Mieten symbolisiert, von Ostbr\u00f6tchen und sicheren Arbeitspl\u00e4tzen? Oder sollte man zuerst den Schie\u00dfbefehl nennen, die Stasi und die Diktatur des Proletariats? Ist es gef\u00e4hrlicher, die DDR zu verharmlosen \u2014 oder sie zu d\u00e4monisieren? Diese Lesung findet humorvolle Antworten. Mirko Kr\u00fcger wurde 1963 in Erfurt geboren. Er lebt und arbeitet als Journalist in Th\u00fcringen und ist Autor und Herausgeber mehrerer B\u00fccher zur Th\u00fcringer Landesgeschichte sowie von Freizeit- und Reisef\u00fchrern.<\/p>\n\n\n\n<p>Professor Dr. Jochen S\u00fcss, Leiter von \u201eBrehms Welt\u201c in Renthendorf und Verleger Erhard Lemm pr\u00e4sentieren am 12. Oktober 2021 um 17 Uhr das gerade erst erschienene Buch \u201eDie Brehms in Th\u00fcringen\u201c \u00fcber das Leben und Wirken von Alfred Edmund Brehm, bekannt als der \u201eTiervater\u201c, und seinem Vater Pfarrer Christian Ludwig Brehm, bekannt als \u201eVogelpastor\u201c.<\/p>\n\n\n\n<p>\u201eZwischen den Ufern\u201c hei\u00dft die Veranstaltung in Kooperation mit dem Lesezeichen e. V. am 13. Oktober 2021. Journalistin Angelika Bohn ist ab 17 Uhr mit der Th\u00fcringer Autorin Annerose Kirchners anl\u00e4sslich ihres 70. Geburtstag im Gespr\u00e4ch \u00fcber deren spannendes und seit \u00fcber 50 Jahren andauerndes Schriftstellerleben. Stefan Schwarz, erfolgreicher Kolumnist und Autor, liest am 16. Oktober 2021 aus seinem Buch \u201eDer kleine Gartenversager\u201c.<\/p>\n\n\n\n<p>Am 23. Oktober 2021 ist Kati Naumann ab 19.30 Uhr zu Gast in der Geraer Bibliothek. Nach erfolgreichen Lesungen mit ihrem Spiegel-Bestseller \u201eWas uns erinnern l\u00e4sst\u201c ist sie gegenw\u00e4rtig mit ihrem neuen Roman \u201eWo wir Kinder waren\u201c auf Lesetour. Anhand eines mitrei\u00dfenden Familienschicksals in der Spielzeugwarenstadt Sonneberg f\u00fchrt dieses Buch durch die deutsche Geschichte des 20. Jahrhunderts und ist gleichzeitig Hommage an ein traditionsreiches und fast vergessenes Handwerk. Musikalisch begleitet wird die Autorin von der \u201eSpielzeug-Band\u201c mit S\u00e4nger Tobias K\u00fcnzel, einem der Frontm\u00e4nner der Musikgruppe \u201eDie Prinzen\u201c.<\/p>\n\n\n\n<p>Auch Maxim Leo, der am 3. November 2021 um 19.30 Uhr aus seinem Buch \u201eWo wir zu Hause sind\u201c liest, erz\u00e4hlt eine Familiengeschichte, und zwar die seiner Gro\u00dffamilie. Diese musste in den 1930er Jahren vor den Nationalsozialisten fliehen und lebt seitdem in verschiedenen L\u00e4ndern \u00fcber den ganzen Kontinenten verteilt.<\/p>\n\n\n\n<p>Am 11. November 2021 findet um 20 Uhr die mehrmals verschobene Konzert-Lesung \u201eSagte mal ein Dichter: eine Hommage an Holger Biege\u201c mit Wolfgang Martin und Manuel Schmid statt. Tami Weissenberg liest am 25. November 2021 um 17 Uhr aus seinem neuen Buch \u201eWeg ins Leben\u201c, dem Nachfolger von \u201eDarjeeling Pur\u201c, in welchem er \u00fcber seine leidvollen Erfahrungen als von h\u00e4uslicher Gewalt betroffener Mann berichtet.<\/p>\n\n\n\n<p>Am 1. Dezember um 19.30 Uhr wird der B\u00fccherherbst mit dem Kolumnisten Andr\u00e9 Kudernatsch beendet. Begleitet von Andreas Gro\u00df am Piano stellt er mit Humor und Satire in einer musikalischen Lesung sein neues Buch \u201eDu wirst nicht alt im Th\u00fcringer Wald\u201c vor.<\/p>\n\n\n\n<p>Die Stadtteilbibliothek Lusan ist mit zwei Lesungen ebenso Bestandteil der Veranstaltungsreihe im Herbst: Am 6. Oktober 2021 um 15 Uhr liest der Geraer Literaturclub \u201eM\u00e4rchenhaftes\u201c. Anne Weise stellt am 27. Oktober 2021 um 15 Uhr, ihren etwas anderen Gedichtband \u201eLebenssplitter\u201c vor. In diesem m\u00f6chte die junge Autorin anderen Menschen, die ebenso mit einer Behinderung leben, Mut machen, die Herausforderungen des Lebens anzunehmen.<\/p>\n\n\n\n<p>\u00dcber den B\u00fccherherbst hinaus gibt es ab Oktober 2021 die neue Veranstaltungsreihe \u201eLesenswert!\u201c. Jeden ersten Mittwoch im Monat, am 6. Oktober, 3. November, 1. Dezember, werden um 17 Uhr in kleiner Runde B\u00fccher der Unterhaltungsliteratur vorgestellt. Es besteht zudem die M\u00f6glichkeit, sich \u00fcber Gelesenes auszutauschen. Wieder angeboten werden ab sofort auch jeden Samstag um 10.30 Uhr unter dem Motto \u201eB\u00fccher bei\u00dfen nicht!\u201c die beliebten Vorlesegeschichten f\u00fcr Kinder ab einem Alter von vier Jahren.<\/p>\n\n\n\n<p>F\u00fcr alle Veranstaltungen wird aufgrund der eingeschr\u00e4nkten Platzkapazit\u00e4t eine Voranmeldung empfohlen. Dies ist telefonisch w\u00e4hrend den \u00d6ffnungszeiten unter der Rufnummer 0365 8383378 oder \u00fcber an \u201ebibliothek@gera.de\u201c m\u00f6glich.<\/p>\n\n\n\n<p>Am Montag, den 11. Oktober 2021, bleibt die Bibliothek am Puschkinplatz geschlossen. An diesem Tag wird die vertraglich vereinbarte j\u00e4hrliche Grundreinigung mit Fu\u00dfbodenversiegelung durchgef\u00fchrt. Zur R\u00fcckgabe von Medien kann die R\u00fcckgabebox vor dem Eingang der Bibliothek genutzt werden. Ab Dienstag, den 12. Oktober 2021, gelten wieder die regul\u00e4ren \u00d6ffnungszeiten.<\/p>\n\n\n\n<p>Die Stadtteilbibliothek Lusan ist nicht betroffen. Dort ist wie gewohnt von 14 bis 18 Uhr ge\u00f6ffnet.<\/p>\n\n\n\n<p>QUELLE: STADTVERWALTUNG<\/p>\n","protected":false},"excerpt":{"rendered":"<div class=\"mh-excerpt\"><p>Die Geraer Stadt- und Regionalbibliothek stellt ihr umfangreiches Veranstaltungsprogramm f\u00fcr das vierte Quartal in diesem Jahr vor. Am 7. Oktober 2021 beginnt um 19.30 Uhr der B\u00fccherherbst mit einer Lesung von Mirko Kr\u00fcger aus seinem <a class=\"mh-excerpt-more\" href=\"https:\/\/www.studiogera.de\/001\/2021\/10\/05\/der-buecherherbst-2021-in-der-geraer-bibliothek\/\" title=\"DER B\u00dcCHERHERBST 2021 IN DER GERAER BIBLIOTHEK\">[&#8230;]<\/a><\/p>\n<\/div>","protected":false},"author":2,"featured_media":9704,"comment_status":"open","ping_status":"open","sticky":false,"template":"","format":"standard","meta":{"footnotes":""},"categories":[8],"tags":[],"class_list":{"0":"post-16678","1":"post","2":"type-post","3":"status-publish","4":"format-standard","5":"has-post-thumbnail","7":"category-kultur"},"_links":{"self":[{"href":"https:\/\/www.studiogera.de\/001\/wp-json\/wp\/v2\/posts\/16678","targetHints":{"allow":["GET"]}}],"collection":[{"href":"https:\/\/www.studiogera.de\/001\/wp-json\/wp\/v2\/posts"}],"about":[{"href":"https:\/\/www.studiogera.de\/001\/wp-json\/wp\/v2\/types\/post"}],"author":[{"embeddable":true,"href":"https:\/\/www.studiogera.de\/001\/wp-json\/wp\/v2\/users\/2"}],"replies":[{"embeddable":true,"href":"https:\/\/www.studiogera.de\/001\/wp-json\/wp\/v2\/comments?post=16678"}],"version-history":[{"count":2,"href":"https:\/\/www.studiogera.de\/001\/wp-json\/wp\/v2\/posts\/16678\/revisions"}],"predecessor-version":[{"id":16686,"href":"https:\/\/www.studiogera.de\/001\/wp-json\/wp\/v2\/posts\/16678\/revisions\/16686"}],"wp:featuredmedia":[{"embeddable":true,"href":"https:\/\/www.studiogera.de\/001\/wp-json\/wp\/v2\/media\/9704"}],"wp:attachment":[{"href":"https:\/\/www.studiogera.de\/001\/wp-json\/wp\/v2\/media?parent=16678"}],"wp:term":[{"taxonomy":"category","embeddable":true,"href":"https:\/\/www.studiogera.de\/001\/wp-json\/wp\/v2\/categories?post=16678"},{"taxonomy":"post_tag","embeddable":true,"href":"https:\/\/www.studiogera.de\/001\/wp-json\/wp\/v2\/tags?post=16678"}],"curies":[{"name":"wp","href":"https:\/\/api.w.org\/{rel}","templated":true}]}}