{"id":16680,"date":"2021-10-05T19:47:28","date_gmt":"2021-10-05T17:47:28","guid":{"rendered":"http:\/\/www.studiogera.de\/001\/?p=16680"},"modified":"2021-10-05T19:47:29","modified_gmt":"2021-10-05T17:47:29","slug":"weitere-fuehrungen-durch-die-sonderausstellung-im-stadtmuseum","status":"publish","type":"post","link":"https:\/\/www.studiogera.de\/001\/2021\/10\/05\/weitere-fuehrungen-durch-die-sonderausstellung-im-stadtmuseum\/","title":{"rendered":"WEITERE F\u00dcHRUNGEN DURCH DIE SONDERAUSSTELLUNG IM STADTMUSEUM"},"content":{"rendered":"\n<p>Die Sonderausstellung im Stadtmuseum zum einstigen Residenzschloss Osterstein z\u00e4hlte bereits knapp 3000 G\u00e4ste. Reaktionen von Besuchern zeigen immer wieder, dass vor allem das Schicksal des Schlosses, seine Zerst\u00f6rung in der Endphase des Zweiten Weltkriegs und die Sprengung der letzten Ruinen im Jahr 1962, die Geraer bewegt. Die Frage, ob das Schloss unmittelbar nach dem Krieg h\u00e4tte erhalten werden k\u00f6nnen, wird bis heute kontrovers diskutiert. Die Ausstellung erz\u00e4hlt mit rund 150 Objekten die Geschichte des Ostersteins von der Bronzezeit bis ins 20. Jahrhundert. Neben zahlreichen historischen Ansichten bietet die Ausstellung neue Erkenntnisse \u00fcber das Alter des Bergfrieds, die Schlosskapelle, die Bedeutung der zahlreichen Hohlwege auf dem Hainberg und die Beseitigung des Schlosses nach 1945.<\/p>\n\n\n\n<p>An den beiden Sonntagen, 10. und 24. Oktober, finden um 14 Uhr die n\u00e4chsten F\u00fchrungen durch die Ausstellung statt.<\/p>\n\n\n\n<p>QUELLE: STADTVERWALTUNG<\/p>\n","protected":false},"excerpt":{"rendered":"<div class=\"mh-excerpt\"><p>Die Sonderausstellung im Stadtmuseum zum einstigen Residenzschloss Osterstein z\u00e4hlte bereits knapp 3000 G\u00e4ste. Reaktionen von Besuchern zeigen immer wieder, dass vor allem das Schicksal des Schlosses, seine Zerst\u00f6rung in der Endphase des Zweiten Weltkriegs und <a class=\"mh-excerpt-more\" href=\"https:\/\/www.studiogera.de\/001\/2021\/10\/05\/weitere-fuehrungen-durch-die-sonderausstellung-im-stadtmuseum\/\" title=\"WEITERE F\u00dcHRUNGEN DURCH DIE SONDERAUSSTELLUNG IM STADTMUSEUM\">[&#8230;]<\/a><\/p>\n<\/div>","protected":false},"author":2,"featured_media":16682,"comment_status":"open","ping_status":"open","sticky":false,"template":"","format":"standard","meta":{"footnotes":""},"categories":[8],"tags":[],"class_list":{"0":"post-16680","1":"post","2":"type-post","3":"status-publish","4":"format-standard","5":"has-post-thumbnail","7":"category-kultur"},"_links":{"self":[{"href":"https:\/\/www.studiogera.de\/001\/wp-json\/wp\/v2\/posts\/16680","targetHints":{"allow":["GET"]}}],"collection":[{"href":"https:\/\/www.studiogera.de\/001\/wp-json\/wp\/v2\/posts"}],"about":[{"href":"https:\/\/www.studiogera.de\/001\/wp-json\/wp\/v2\/types\/post"}],"author":[{"embeddable":true,"href":"https:\/\/www.studiogera.de\/001\/wp-json\/wp\/v2\/users\/2"}],"replies":[{"embeddable":true,"href":"https:\/\/www.studiogera.de\/001\/wp-json\/wp\/v2\/comments?post=16680"}],"version-history":[{"count":2,"href":"https:\/\/www.studiogera.de\/001\/wp-json\/wp\/v2\/posts\/16680\/revisions"}],"predecessor-version":[{"id":16683,"href":"https:\/\/www.studiogera.de\/001\/wp-json\/wp\/v2\/posts\/16680\/revisions\/16683"}],"wp:featuredmedia":[{"embeddable":true,"href":"https:\/\/www.studiogera.de\/001\/wp-json\/wp\/v2\/media\/16682"}],"wp:attachment":[{"href":"https:\/\/www.studiogera.de\/001\/wp-json\/wp\/v2\/media?parent=16680"}],"wp:term":[{"taxonomy":"category","embeddable":true,"href":"https:\/\/www.studiogera.de\/001\/wp-json\/wp\/v2\/categories?post=16680"},{"taxonomy":"post_tag","embeddable":true,"href":"https:\/\/www.studiogera.de\/001\/wp-json\/wp\/v2\/tags?post=16680"}],"curies":[{"name":"wp","href":"https:\/\/api.w.org\/{rel}","templated":true}]}}