{"id":16687,"date":"2021-10-05T20:29:04","date_gmt":"2021-10-05T18:29:04","guid":{"rendered":"http:\/\/www.studiogera.de\/001\/?p=16687"},"modified":"2021-10-05T20:41:08","modified_gmt":"2021-10-05T18:41:08","slug":"weitere-meldungen-aus-gera-16","status":"publish","type":"post","link":"https:\/\/www.studiogera.de\/001\/2021\/10\/05\/weitere-meldungen-aus-gera-16\/","title":{"rendered":"WEITERE MELDUNGEN AUS GERA"},"content":{"rendered":"\n<p>Die f\u00fcr den 6. Oktober 2021 geplante Veranstaltung \u201eThemennachmittag mit Vortrag und Diskussion: Demokratie, Werte und Gesellschaft im Wandel\u201c im Rahmen der Interkulturen Woche, findet aufgrund der Erkrankung einer Referentin nicht statt. Ein Ersatztermin kann nicht angeboten werden.<\/p>\n\n\n\n<p>Am Montag, den 11. Oktober 2021, beginnt in der Geraer Volkshochschule \u201eAenne Biermann\u201c der Kursus \u201eKarl Marx, Emile Durkheim, Max Weber \u2014 Eine Einf\u00fchrung in die Religionssoziologie\u201d. In Deutschland vollzieht sich seit Jahrzehnten ein deutlicher R\u00fcckgang traditioneller Religiosit\u00e4t. Antworten zu den Ursachen und Tendenzen dieser Entwicklung gibt unter anderem die Religionssoziologie. Der Kursus bietet einen \u00dcberblick zu den Grundthesen von Religionssoziologie und Religionskritik. Inhaltlich geht es um die Soziologen Karl Marx, Emile Durkheimer und Max Weber sowie um die Auseinandersetzung mit der Religionspolitik in der DDR, mit dem Thema Religionsfreiheit sowie um die neu entstehenden Patchwork-Religionen. Der Kursus umfasst sechs Termine, die jeweils montags von 18.30 bis 20 Uhr in den R\u00e4umen der Staatlichen Berufsbildende Schule Wirtschaft\/Verwaltung stattfinden. Interessierte k\u00f6nnen sich unter der Rufnummer 0365 55259317, \u00fcber \u201eservice@volkshochschule-gera.de\u201c oder unter der Adresse \u201ewww.volkshochschule-gera.de\u201c anmelden.<\/p>\n\n\n\n<p>Die Stadt Gera bietet allen stillenden M\u00fcttern und ihren Kindern Begleitung und Unterst\u00fctzung an. Auf Initiative der Fr\u00fchen Hilfen der Stadt Gera findet in einem Abstand von 14 Tagen eine Stillgruppe mit der Stillberaterin Birgit Weinrich statt. Das st\u00e4dtische Angebot ist f\u00fcr alle Eltern kostenfrei. Die Stillgruppe trifft sich im Familiencaf\u00e9 The Village, Clara-Viebig-Stra\u00dfe 7. Die n\u00e4chsten Termine sind der 12. und 26. Oktober 2021 jeweils ab 9 Uhr. In der Stadt Gera gibt es derzeit 38 offizielle Still- und Wickelm\u00f6glichkeiten. Hierbei handelt es sich um gesch\u00fctzte R\u00fcckzugsm\u00f6glichkeiten in der \u00d6ffentlichkeit in Gesch\u00e4ften, Caf\u00e9s oder sozialen Einrichtungen. Eine \u00dcbersicht dieser Orte ist \u00fcber den <a href=\"http:\/\/www.familienkompass.info\/\">Familienkompass<\/a> und \u00fcber das Geo-Portal der Stadt Gera unter der Adresse \u201e<a href=\"http:\/\/www.gera.de\">www.gera.de<\/a>\u201c zu finden.<\/p>\n\n\n\n<p>Am Dienstag, den 12. Oktober 2021, beginnt in der Geraer Volkshochschule \u201eAenne Biermann\u201c der Computerkursus \u201eDer Computer im Berufsalltag \u2014 Auffrischung, Vertiefung und Erweiterung\u201d. In diesem Angebot werden Computerkenntnisse aktualisiert, gefestigt und erweitert. Die konkrete Kursgestaltung erfolgt in Abh\u00e4ngigkeit der jeweiligen Vorkenntnisse und Themenw\u00fcnsche der Teilnehmenden. Der Kursus umfasst sieben Termine, die jeweils dienstags von 17.15 Uhr bis 19.45 Uhr in den R\u00e4umen der Volkshochschule stattfinden. Unterrichtet wird in einer Kleingruppe von maximal f\u00fcnf Interessenten. Voraussetzung f\u00fcr die Teilnahme sind Grundkenntnisse und praktische Erfahrungen mit \u201eWord\u201c. Interessierte k\u00f6nnen sich telefonisch unter der Rufnummer 0365 55259313, \u00fcber \u201eservice@volkshochschule-gera.de\u201c oder unter der Adresse \u201ewww.volkshochschule-gera.de\u201c anmelden.<\/p>\n\n\n\n<p>Der Service-Generationen und der Deutsche Familienverband, Landesverband Th\u00fcringen, pr\u00e4sentieren die fotografische Ausstellung \u201eFamilienbilder\u201c im Rahmen der Interkulturellen Woche. Die Bilder zeigen Familien aus verschiedenen L\u00e4ndern und pr\u00e4sentieren die jeweiligen Biografien, Familientraditionen sowie Wertvorstellungen und Erziehungsstile. Die Ausstellung soll anregen, \u00fcber eigene Familienbilder und Vorstellungen nachzudenken, andere Familienkonstellationen und Sichtweisen kennen zu lernen oder auch Gemeinsamkeiten zu entdecken. Die Ausstellung \u201eFamilienbilder\u201c ist noch bis zum 29. Oktober 2021 im Service-Generationen in der Heinrichstra\u00dfe 43 w\u00e4hrend der \u00d6ffnungszeiten am Montag und Donnerstag zwischen 8 Uhr und 13 Uhr sowie am Dienstag zwischen 14 Uhr und 19 Uhr zu besuchen. Die Ausstellung wird gef\u00f6rdert durch das Bundesministerium f\u00fcr Familie, Senioren, Frauen und Jugend.<\/p>\n\n\n\n<p>QUELLE: STADTVERWALTUNG<\/p>\n","protected":false},"excerpt":{"rendered":"<div class=\"mh-excerpt\"><p>Die f\u00fcr den 6. Oktober 2021 geplante Veranstaltung \u201eThemennachmittag mit Vortrag und Diskussion: Demokratie, Werte und Gesellschaft im Wandel\u201c im Rahmen der Interkulturen Woche, findet aufgrund der Erkrankung einer Referentin nicht statt. Ein Ersatztermin kann <a class=\"mh-excerpt-more\" href=\"https:\/\/www.studiogera.de\/001\/2021\/10\/05\/weitere-meldungen-aus-gera-16\/\" title=\"WEITERE MELDUNGEN AUS GERA\">[&#8230;]<\/a><\/p>\n<\/div>","protected":false},"author":2,"featured_media":6809,"comment_status":"open","ping_status":"open","sticky":false,"template":"","format":"standard","meta":{"footnotes":""},"categories":[16],"tags":[],"class_list":{"0":"post-16687","1":"post","2":"type-post","3":"status-publish","4":"format-standard","5":"has-post-thumbnail","7":"category-kurzmitteilungen"},"_links":{"self":[{"href":"https:\/\/www.studiogera.de\/001\/wp-json\/wp\/v2\/posts\/16687","targetHints":{"allow":["GET"]}}],"collection":[{"href":"https:\/\/www.studiogera.de\/001\/wp-json\/wp\/v2\/posts"}],"about":[{"href":"https:\/\/www.studiogera.de\/001\/wp-json\/wp\/v2\/types\/post"}],"author":[{"embeddable":true,"href":"https:\/\/www.studiogera.de\/001\/wp-json\/wp\/v2\/users\/2"}],"replies":[{"embeddable":true,"href":"https:\/\/www.studiogera.de\/001\/wp-json\/wp\/v2\/comments?post=16687"}],"version-history":[{"count":5,"href":"https:\/\/www.studiogera.de\/001\/wp-json\/wp\/v2\/posts\/16687\/revisions"}],"predecessor-version":[{"id":16694,"href":"https:\/\/www.studiogera.de\/001\/wp-json\/wp\/v2\/posts\/16687\/revisions\/16694"}],"wp:featuredmedia":[{"embeddable":true,"href":"https:\/\/www.studiogera.de\/001\/wp-json\/wp\/v2\/media\/6809"}],"wp:attachment":[{"href":"https:\/\/www.studiogera.de\/001\/wp-json\/wp\/v2\/media?parent=16687"}],"wp:term":[{"taxonomy":"category","embeddable":true,"href":"https:\/\/www.studiogera.de\/001\/wp-json\/wp\/v2\/categories?post=16687"},{"taxonomy":"post_tag","embeddable":true,"href":"https:\/\/www.studiogera.de\/001\/wp-json\/wp\/v2\/tags?post=16687"}],"curies":[{"name":"wp","href":"https:\/\/api.w.org\/{rel}","templated":true}]}}