{"id":16697,"date":"2021-10-05T20:55:54","date_gmt":"2021-10-05T18:55:54","guid":{"rendered":"http:\/\/www.studiogera.de\/001\/?p=16697"},"modified":"2021-10-05T20:55:55","modified_gmt":"2021-10-05T18:55:55","slug":"aktionstag-wir-in-lusan-am-29-september-2021","status":"publish","type":"post","link":"https:\/\/www.studiogera.de\/001\/2021\/10\/05\/aktionstag-wir-in-lusan-am-29-september-2021\/","title":{"rendered":"AKTIONSTAG \u201eWIR IN LUSAN\u201c AM 29. SEPTEMBER 2021"},"content":{"rendered":"\n<p>Anl\u00e4sslich der diesj\u00e4hrigen Interkulturellen Woche lud die Stadt Gera gemeinsam mit dem Stadtteilb\u00fcro Lusan und der Kindervereinigung Gera am Mittwoch, den 29. September 2021, zum Aktionstag \u201eWir in Lusan\u201c in den Garten des soziokulturellen Zentrums \u201eDie 10\u201c ein. Unterst\u00fctzt wurde der Aktionstag vom Bundesprogramm \u201eDemokratie leben!\u201c und dem Th\u00fcringer F\u00f6rderprogramm \u201eDenk bunt!\u201c.<\/p>\n\n\n\n<p>\u00dcber 35 Kooperationspartner wie die StadtteilbibliothekLusan, die Caritas oder die Polizei stellten ihre Angebote im Stadtteil Lusan vor. Dar\u00fcber hinaus gab es ein Kinderb\u00fchnenprogramm der angehenden Erzieherinnen und Erzieher des ersten Lehrjahres der privaten Fachschule f\u00fcr Wirtschaft und Soziales, Auftritte des Lusaner Frauenchors, der Band \u201eNotenleichtsinn\u201c sowie des Musiker Duos \u201eRed Attack\u201c. Begleitend zur Veranstaltung stellten die Kinder der dritten Klasse der Erich-K\u00e4stner-Grundschule ihr Schulprojekt \u201eMein Lusan \u2014 das mag ich und das w\u00fcnsche ich mir\u201c vor.<\/p>\n\n\n\n<p>\u201eEin Aktionstag in diesem Umfang soll die Bewohnerinnen und Bewohner eines Stadtteils zusammenf\u00fchren, den sozialen Zusammenhalt st\u00e4rken und Interesse wecken, das direkte Lebensumfeld aktiv zu nutzen und mitzugestalten. Wir freuen uns, dass dieses Angebot im Stadtteil Gera-Lusan so gut angenommen wurde. Interessierte hatten die M\u00f6glichkeit, sich \u00fcber Vereine, Freizeitangebote, Unterst\u00fctzungsangebote, altersgerechte Wohnm\u00f6glichkeiten oder auch ehrenamtliches Engagement zu informieren\u201c, res\u00fcmiert Sandra Wanzar, Beigeordnete f\u00fcr das Dezernat Jugend und Soziales. Auch die Stadtteilmanagerin in Lusan, Vanessa Prager, zeigt sich zufrieden mit dem Aktionstag: \u201eWir konnten deutlich machen, dass es in Lusan mit \u00fcber 20 Tr\u00e4gern in 39 Einrichtungen eine Breite an Vereins- und Freizeitangeboten gibt, die sich wirklich sehen lassen kann. Wir brauchen uns nicht zu verstecken.\u201c<\/p>\n\n\n\n<p>QUELLE: STADTVERWALTUNG<\/p>\n","protected":false},"excerpt":{"rendered":"<div class=\"mh-excerpt\"><p>Anl\u00e4sslich der diesj\u00e4hrigen Interkulturellen Woche lud die Stadt Gera gemeinsam mit dem Stadtteilb\u00fcro Lusan und der Kindervereinigung Gera am Mittwoch, den 29. September 2021, zum Aktionstag \u201eWir in Lusan\u201c in den Garten des soziokulturellen Zentrums <a class=\"mh-excerpt-more\" href=\"https:\/\/www.studiogera.de\/001\/2021\/10\/05\/aktionstag-wir-in-lusan-am-29-september-2021\/\" title=\"AKTIONSTAG \u201eWIR IN LUSAN\u201c AM 29. SEPTEMBER 2021\">[&#8230;]<\/a><\/p>\n<\/div>","protected":false},"author":2,"featured_media":16699,"comment_status":"open","ping_status":"open","sticky":false,"template":"","format":"standard","meta":{"footnotes":""},"categories":[8],"tags":[],"class_list":{"0":"post-16697","1":"post","2":"type-post","3":"status-publish","4":"format-standard","5":"has-post-thumbnail","7":"category-kultur"},"_links":{"self":[{"href":"https:\/\/www.studiogera.de\/001\/wp-json\/wp\/v2\/posts\/16697","targetHints":{"allow":["GET"]}}],"collection":[{"href":"https:\/\/www.studiogera.de\/001\/wp-json\/wp\/v2\/posts"}],"about":[{"href":"https:\/\/www.studiogera.de\/001\/wp-json\/wp\/v2\/types\/post"}],"author":[{"embeddable":true,"href":"https:\/\/www.studiogera.de\/001\/wp-json\/wp\/v2\/users\/2"}],"replies":[{"embeddable":true,"href":"https:\/\/www.studiogera.de\/001\/wp-json\/wp\/v2\/comments?post=16697"}],"version-history":[{"count":1,"href":"https:\/\/www.studiogera.de\/001\/wp-json\/wp\/v2\/posts\/16697\/revisions"}],"predecessor-version":[{"id":16700,"href":"https:\/\/www.studiogera.de\/001\/wp-json\/wp\/v2\/posts\/16697\/revisions\/16700"}],"wp:featuredmedia":[{"embeddable":true,"href":"https:\/\/www.studiogera.de\/001\/wp-json\/wp\/v2\/media\/16699"}],"wp:attachment":[{"href":"https:\/\/www.studiogera.de\/001\/wp-json\/wp\/v2\/media?parent=16697"}],"wp:term":[{"taxonomy":"category","embeddable":true,"href":"https:\/\/www.studiogera.de\/001\/wp-json\/wp\/v2\/categories?post=16697"},{"taxonomy":"post_tag","embeddable":true,"href":"https:\/\/www.studiogera.de\/001\/wp-json\/wp\/v2\/tags?post=16697"}],"curies":[{"name":"wp","href":"https:\/\/api.w.org\/{rel}","templated":true}]}}