{"id":16701,"date":"2021-10-05T21:18:05","date_gmt":"2021-10-05T19:18:05","guid":{"rendered":"http:\/\/www.studiogera.de\/001\/?p=16701"},"modified":"2021-10-05T21:18:07","modified_gmt":"2021-10-05T19:18:07","slug":"verleihung-des-xiii-aenne-biermann-preises","status":"publish","type":"post","link":"https:\/\/www.studiogera.de\/001\/2021\/10\/05\/verleihung-des-xiii-aenne-biermann-preises\/","title":{"rendered":"VERLEIHUNG DES XIII. AENNE-BIERMANN-PREISES"},"content":{"rendered":"\n<p>Den 13. Aenne-Biermann-Preis der Stadt Gera, dotiert mit einem Preisgeld von 3000 Euro, erh\u00e4lt Alba Frenzel aus Stuttgart f\u00fcr ihre Arbeit \u201eArtenforscherin\u201c. Ihre Serie besteht unter anderem aus 52 Unikat-Fotogrammen, die unter der Verwendung von Eiern in verschiedenen Erscheinungs- und Zubereitungsformen entstanden sind. Die Jury beeindruckte die ungew\u00f6hnliche Herangehensweise an das Material, den k\u00fcnstlerischen Prozess und die Pr\u00e4sentation der Arbeiten.<\/p>\n\n\n\n<p>Der zweite Preis, dotiert mit einem Preisgeld von 1500 Euro, wird Julian Slagman aus Hamburg f\u00fcr seine Bruderreportage \u201eMats\u201c verliehen. Drittplatzierte mit 1000 Euro ist Daniela Friebel aus Berlin mit ihrer Werkserie \u201eAuspicia\u201c. Jeweils eine Anerkennung \u00e0 500 Euro erhalten Uli Kaufmann aus Berlin, Annette Rausch aus Berlin, Michael Romst\u00f6ck aus Essen und Ulrike Hannemann aus Berlin.<\/p>\n\n\n\n<p>Die Ausstellung anl\u00e4sslich der Verleihung des Preises ist vom 6. Oktober bis zum 28. November 2021 im Museum f\u00fcr Angewandte Kunst Gera zu sehen. Seit dem Jahre 1992 lobt die Stadt Gera den Aenne-Biermann-Preis f\u00fcr deutsche Gegenwartsfotografie in einem Turnus von zwei Jahren aus. Der Preis wird gemeinsam von der Stadt Gera und der Kunst- und Kulturf\u00f6rderung der SV Sparkassen-Versicherung veranstaltet, sowie vom Land Th\u00fcringen unterst\u00fctzt.<\/p>\n\n\n\n<p>Angelehnt an das autodidaktische Schaffen der Fotografin Aenne Biermann ist der Wettbewerb offen f\u00fcr alle Interessierte, angehende K\u00fcnstler sowie erfahrene Fotografen. Aufgrund der Corona-Beschr\u00e4nkungen wurde der 13. Jahrgang um ein Jahr auf 2021 verschoben.<\/p>\n\n\n\n<p>Insgesamt hatten sich an der Ausschreibung des Geraer Museums f\u00fcr Angewandte Kunst im Jahr 2020 genau 60 Fotografen mit 96 Werkserien beteiligt. Aus ihnen w\u00e4hlte eine Jury, bestehend aus Dr. Verena Titze-Winter, Leiterin der Kunst- und Kulturf\u00f6rderung der SV Sparkassen-Versicherung als Mitveranstalter des Wettbewerbs, Dr. Claudia Tittel, Leiterin des Geraer Kulturamts, Holger Peter Saupe, Leiter der Geraer Kunstsammlung, Andreas Rost, Gewinner des 12. Aenne-Biermann-Preises, Professor Dr. Steffen Siegel, Professor f\u00fcr Theorie und Geschichte der Fotografie an der Folkwang Universit\u00e4t der K\u00fcnste, Petra G\u00f6llnitz, Kunstwissenschaftlerin und ehemalige Fotoredakteurin beim Magazin \u201eStern\u201c, und Julia Ortmeyer als Kuratorin der Ausstellung die Preistr\u00e4ger- und Anerkennungsfotografien aus.<\/p>\n\n\n\n<p>QUELLE: STADTVERWALTUNG<\/p>\n","protected":false},"excerpt":{"rendered":"<div class=\"mh-excerpt\"><p>Den 13. Aenne-Biermann-Preis der Stadt Gera, dotiert mit einem Preisgeld von 3000 Euro, erh\u00e4lt Alba Frenzel aus Stuttgart f\u00fcr ihre Arbeit \u201eArtenforscherin\u201c. Ihre Serie besteht unter anderem aus 52 Unikat-Fotogrammen, die unter der Verwendung von <a class=\"mh-excerpt-more\" href=\"https:\/\/www.studiogera.de\/001\/2021\/10\/05\/verleihung-des-xiii-aenne-biermann-preises\/\" title=\"VERLEIHUNG DES XIII. AENNE-BIERMANN-PREISES\">[&#8230;]<\/a><\/p>\n<\/div>","protected":false},"author":2,"featured_media":16702,"comment_status":"open","ping_status":"open","sticky":false,"template":"","format":"standard","meta":{"footnotes":""},"categories":[8],"tags":[],"class_list":{"0":"post-16701","1":"post","2":"type-post","3":"status-publish","4":"format-standard","5":"has-post-thumbnail","7":"category-kultur"},"_links":{"self":[{"href":"https:\/\/www.studiogera.de\/001\/wp-json\/wp\/v2\/posts\/16701","targetHints":{"allow":["GET"]}}],"collection":[{"href":"https:\/\/www.studiogera.de\/001\/wp-json\/wp\/v2\/posts"}],"about":[{"href":"https:\/\/www.studiogera.de\/001\/wp-json\/wp\/v2\/types\/post"}],"author":[{"embeddable":true,"href":"https:\/\/www.studiogera.de\/001\/wp-json\/wp\/v2\/users\/2"}],"replies":[{"embeddable":true,"href":"https:\/\/www.studiogera.de\/001\/wp-json\/wp\/v2\/comments?post=16701"}],"version-history":[{"count":1,"href":"https:\/\/www.studiogera.de\/001\/wp-json\/wp\/v2\/posts\/16701\/revisions"}],"predecessor-version":[{"id":16703,"href":"https:\/\/www.studiogera.de\/001\/wp-json\/wp\/v2\/posts\/16701\/revisions\/16703"}],"wp:featuredmedia":[{"embeddable":true,"href":"https:\/\/www.studiogera.de\/001\/wp-json\/wp\/v2\/media\/16702"}],"wp:attachment":[{"href":"https:\/\/www.studiogera.de\/001\/wp-json\/wp\/v2\/media?parent=16701"}],"wp:term":[{"taxonomy":"category","embeddable":true,"href":"https:\/\/www.studiogera.de\/001\/wp-json\/wp\/v2\/categories?post=16701"},{"taxonomy":"post_tag","embeddable":true,"href":"https:\/\/www.studiogera.de\/001\/wp-json\/wp\/v2\/tags?post=16701"}],"curies":[{"name":"wp","href":"https:\/\/api.w.org\/{rel}","templated":true}]}}