{"id":16749,"date":"2021-10-11T18:36:42","date_gmt":"2021-10-11T16:36:42","guid":{"rendered":"http:\/\/www.studiogera.de\/001\/?p=16749"},"modified":"2021-10-11T18:36:43","modified_gmt":"2021-10-11T16:36:43","slug":"unentgeltliche-beratung-fuer-blinde-und-sehbehinderte-menschen","status":"publish","type":"post","link":"https:\/\/www.studiogera.de\/001\/2021\/10\/11\/unentgeltliche-beratung-fuer-blinde-und-sehbehinderte-menschen\/","title":{"rendered":"UNENTGELTLICHE BERATUNG F\u00dcR BLINDE UND SEHBEHINDERTE MENSCHEN"},"content":{"rendered":"\n<p>Am Donnerstag, den 14. Oktober 2021, k\u00f6nnen sich blinde und sehbehinderte Menschen im Zeitraum von 10 Uhr bis 14 Uhr in den R\u00e4umen der Ehrenamtszentrale unentgeltlich beraten lassen. Es handelt sich hierbei um ein Angebot der Kreisorganisation Gera des Blinden- und Sehbehindertenverbandes Th\u00fcringen. Die \u00dcberregionale Beratungsstelle ist an jedem Wochentag erreichbar. Der Kontakt kann hergestellt werden \u00fcber die Rufnummer 03643 742906 oder \u00fcber \u201em.schenk@bsvt.org\u201c. Besucher m\u00fcssen sich vorab anmelden.<\/p>\n","protected":false},"excerpt":{"rendered":"<div class=\"mh-excerpt\"><p>Am Donnerstag, den 14. Oktober 2021, k\u00f6nnen sich blinde und sehbehinderte Menschen im Zeitraum von 10 Uhr bis 14 Uhr in den R\u00e4umen der Ehrenamtszentrale unentgeltlich beraten lassen. Es handelt sich hierbei um ein Angebot <a class=\"mh-excerpt-more\" href=\"https:\/\/www.studiogera.de\/001\/2021\/10\/11\/unentgeltliche-beratung-fuer-blinde-und-sehbehinderte-menschen\/\" title=\"UNENTGELTLICHE BERATUNG F\u00dcR BLINDE UND SEHBEHINDERTE MENSCHEN\">[&#8230;]<\/a><\/p>\n<\/div>","protected":false},"author":2,"featured_media":14208,"comment_status":"open","ping_status":"open","sticky":false,"template":"","format":"standard","meta":{"footnotes":""},"categories":[16],"tags":[],"class_list":{"0":"post-16749","1":"post","2":"type-post","3":"status-publish","4":"format-standard","5":"has-post-thumbnail","7":"category-kurzmitteilungen"},"_links":{"self":[{"href":"https:\/\/www.studiogera.de\/001\/wp-json\/wp\/v2\/posts\/16749","targetHints":{"allow":["GET"]}}],"collection":[{"href":"https:\/\/www.studiogera.de\/001\/wp-json\/wp\/v2\/posts"}],"about":[{"href":"https:\/\/www.studiogera.de\/001\/wp-json\/wp\/v2\/types\/post"}],"author":[{"embeddable":true,"href":"https:\/\/www.studiogera.de\/001\/wp-json\/wp\/v2\/users\/2"}],"replies":[{"embeddable":true,"href":"https:\/\/www.studiogera.de\/001\/wp-json\/wp\/v2\/comments?post=16749"}],"version-history":[{"count":1,"href":"https:\/\/www.studiogera.de\/001\/wp-json\/wp\/v2\/posts\/16749\/revisions"}],"predecessor-version":[{"id":16750,"href":"https:\/\/www.studiogera.de\/001\/wp-json\/wp\/v2\/posts\/16749\/revisions\/16750"}],"wp:featuredmedia":[{"embeddable":true,"href":"https:\/\/www.studiogera.de\/001\/wp-json\/wp\/v2\/media\/14208"}],"wp:attachment":[{"href":"https:\/\/www.studiogera.de\/001\/wp-json\/wp\/v2\/media?parent=16749"}],"wp:term":[{"taxonomy":"category","embeddable":true,"href":"https:\/\/www.studiogera.de\/001\/wp-json\/wp\/v2\/categories?post=16749"},{"taxonomy":"post_tag","embeddable":true,"href":"https:\/\/www.studiogera.de\/001\/wp-json\/wp\/v2\/tags?post=16749"}],"curies":[{"name":"wp","href":"https:\/\/api.w.org\/{rel}","templated":true}]}}