{"id":16751,"date":"2021-10-11T18:48:48","date_gmt":"2021-10-11T16:48:48","guid":{"rendered":"http:\/\/www.studiogera.de\/001\/?p=16751"},"modified":"2021-10-11T18:48:49","modified_gmt":"2021-10-11T16:48:49","slug":"preise-des-smartcity-ideenwettbewerbes-verliehen","status":"publish","type":"post","link":"https:\/\/www.studiogera.de\/001\/2021\/10\/11\/preise-des-smartcity-ideenwettbewerbes-verliehen\/","title":{"rendered":"PREISE DES SMARTCITY-IDEENWETTBEWERBES VERLIEHEN"},"content":{"rendered":"\n<p>Am Samstag, den 2. Oktober 2021, wurden die f\u00fcnf besten Einreichungen des Smartcity-Ideenwettbewerbs offiziell pr\u00e4miert. Die Auszeichnung im Kultur- und Kongresszentrum nahm Oberb\u00fcrgermeister Julian Vonarb vor. Er dankte allen Teilnehmern f\u00fcr ihr au\u00dferordentliches Engagement: \u201eDas Smartcity-Projekt lebt von der Partizipation der Geraer B\u00fcrgerinnen und B\u00fcrger. All&#8216; jene, die sich in den Wettbewerb eingebracht haben, konnten beweisen, wie innovativ und zukunftstr\u00e4chtig sie f\u00fcr die Stadt denken. Mit ihren Vorstellungen, wie die Stadt k\u00fcnftig aussehen kann, tragen diese B\u00fcrgerinnen und B\u00fcrger ma\u00dfgeblich dazu bei, unsere Stadt langfristig attraktiv und fortschrittlich zu entwickeln.\u201c Die Preisverleihung wurde umrahmt von der Smartcity-Ausstellung im Foyer des Kultur- und Kongresszentrums.<\/p>\n\n\n\n<p>Ausgezeichnet wurden die folgenden Ideen:<\/p>\n\n\n\n<p><strong>Erster Platz, 3000 Euro<\/strong><\/p>\n\n\n\n<ul class=\"wp-block-list\"><li>Solarbetriebene Stra\u00dfenbank f\u00fcr Elektroanschluss<\/li><li>Herr Ralf Noack<\/li><\/ul>\n\n\n\n<p><strong>Zweiter Platz, 2000 Euro<\/strong><\/p>\n\n\n\n<ul class=\"wp-block-list\"><li>fahrradfreundliche Stadt und nachhaltiges Gr\u00fcnfl\u00e4chenmanagement<\/li><li>Frau Udine Swoboda-Kr\u00e4he<\/li><\/ul>\n\n\n\n<p><strong>Dritter Platz, 1000 Euro<\/strong><\/p>\n\n\n\n<ul class=\"wp-block-list\"><li>digitaler Bike-Park<\/li><li>TSV Gera Westvororte, Herr Marcel Ziegler<\/li><\/ul>\n\n\n\n<p><strong>Vierter Platz, 500 Euro<\/strong><\/p>\n\n\n\n<ul class=\"wp-block-list\"><li>f\u00fcr das Angebot \u201eLieblingsladen.gera.de\u201c<\/li><li>St\u00e4rkung der lokalen Wirtschaft durch gemeinsames Liefersystem<\/li><li>Herr Janusz Riese<\/li><\/ul>\n\n\n\n<p><strong>F\u00fcnfter Platz, 250 Euro<\/strong><\/p>\n\n\n\n<ul class=\"wp-block-list\"><li>Attraktivit\u00e4t als Studentenstadt steigern durch attraktive Studentenwohnheime<\/li><li>Frau Undine Swoboda-Kr\u00e4he<\/li><\/ul>\n\n\n\n<p>Alle Interessierten waren aufgerufen, bis zum 31. Dezember 2020 eigene Ideen und Konzepte im Rahmen des Smartcity-Ideenwettbewerbs einzubringen. Diese Einreichungen sind inhaltlich breit gef\u00e4chert und betreffen s\u00e4mtliche Bereiche des Lebens in Gera: Angefangen von \u00f6konomischen und konkreten technischen L\u00f6sungsans\u00e4tzen befassen sich die Ideen mit Applikations-Entwicklungen und digitalen Dienstleistungen und reichen bis hin zu \u00f6kologischen \u00dcberlegungen einer nachhaltigen Stadtentwicklung. \u00dcber die Ideen wurde in der Smartcity-Vollversammlung im April dieses Jahres abgestimmt. Die Empfehlung der f\u00fcnf besten Ideen wurde anschlie\u00dfend im Stadtrat am 16. Juni 2021 beschlossen. Die Gewinner erhalten mit der Auszeichnung Einkaufsgutscheine f\u00fcr Geraer H\u00e4ndler, Handwerker, Gastronomen oder Dienstleister mit einem Wert von bis zu 3000 Euro.<\/p>\n\n\n\n<p>Gera ist seit Juli 2019 Smartcity-Modellstadt und wird vom Bundesministerium des Innern, f\u00fcr Bau und Heimat f\u00fcr eine digitale Modernisierung mit rund 7,5 Millionen Euro gef\u00f6rdert. Grundlegendes Ziel ist es, Chancen wahrzunehmen, Gera unter der Nutzung moderner Technologien nachhaltig lebenswert und zukunftsf\u00e4hig zu gestalten. Das \u00f6ffentliche Leben, Arbeiten und Wohnen kann im Zuge dessen k\u00fcnftig einfacher, effizienter und sozial inklusiver gestaltet werden. Das Projekt ist in zwei Stufen gegliedert \u2014 der Strategiephase 2019 bis 2021 und der Umsetzungsphase 2022 bis 2026.<\/p>\n\n\n\n<p>QUELLE: STADTVERWALTUNG<\/p>\n","protected":false},"excerpt":{"rendered":"<div class=\"mh-excerpt\"><p>Am Samstag, den 2. Oktober 2021, wurden die f\u00fcnf besten Einreichungen des Smartcity-Ideenwettbewerbs offiziell pr\u00e4miert. Die Auszeichnung im Kultur- und Kongresszentrum nahm Oberb\u00fcrgermeister Julian Vonarb vor. Er dankte allen Teilnehmern f\u00fcr ihr au\u00dferordentliches Engagement: \u201eDas <a class=\"mh-excerpt-more\" href=\"https:\/\/www.studiogera.de\/001\/2021\/10\/11\/preise-des-smartcity-ideenwettbewerbes-verliehen\/\" title=\"PREISE DES SMARTCITY-IDEENWETTBEWERBES VERLIEHEN\">[&#8230;]<\/a><\/p>\n<\/div>","protected":false},"author":2,"featured_media":16752,"comment_status":"open","ping_status":"open","sticky":false,"template":"","format":"standard","meta":{"footnotes":""},"categories":[3],"tags":[],"class_list":{"0":"post-16751","1":"post","2":"type-post","3":"status-publish","4":"format-standard","5":"has-post-thumbnail","7":"category-lokal"},"_links":{"self":[{"href":"https:\/\/www.studiogera.de\/001\/wp-json\/wp\/v2\/posts\/16751","targetHints":{"allow":["GET"]}}],"collection":[{"href":"https:\/\/www.studiogera.de\/001\/wp-json\/wp\/v2\/posts"}],"about":[{"href":"https:\/\/www.studiogera.de\/001\/wp-json\/wp\/v2\/types\/post"}],"author":[{"embeddable":true,"href":"https:\/\/www.studiogera.de\/001\/wp-json\/wp\/v2\/users\/2"}],"replies":[{"embeddable":true,"href":"https:\/\/www.studiogera.de\/001\/wp-json\/wp\/v2\/comments?post=16751"}],"version-history":[{"count":1,"href":"https:\/\/www.studiogera.de\/001\/wp-json\/wp\/v2\/posts\/16751\/revisions"}],"predecessor-version":[{"id":16753,"href":"https:\/\/www.studiogera.de\/001\/wp-json\/wp\/v2\/posts\/16751\/revisions\/16753"}],"wp:featuredmedia":[{"embeddable":true,"href":"https:\/\/www.studiogera.de\/001\/wp-json\/wp\/v2\/media\/16752"}],"wp:attachment":[{"href":"https:\/\/www.studiogera.de\/001\/wp-json\/wp\/v2\/media?parent=16751"}],"wp:term":[{"taxonomy":"category","embeddable":true,"href":"https:\/\/www.studiogera.de\/001\/wp-json\/wp\/v2\/categories?post=16751"},{"taxonomy":"post_tag","embeddable":true,"href":"https:\/\/www.studiogera.de\/001\/wp-json\/wp\/v2\/tags?post=16751"}],"curies":[{"name":"wp","href":"https:\/\/api.w.org\/{rel}","templated":true}]}}