{"id":16754,"date":"2021-10-11T19:04:39","date_gmt":"2021-10-11T17:04:39","guid":{"rendered":"http:\/\/www.studiogera.de\/001\/?p=16754"},"modified":"2021-10-11T20:05:06","modified_gmt":"2021-10-11T18:05:06","slug":"herbstvolksfest-vom-16-bis-31-oktober-2021","status":"publish","type":"post","link":"https:\/\/www.studiogera.de\/001\/2021\/10\/11\/herbstvolksfest-vom-16-bis-31-oktober-2021\/","title":{"rendered":"HERBSTVOLKSFEST VOM 16. BIS 31. OKTOBER 2021"},"content":{"rendered":"\n<p>Das diesj\u00e4hrige Herbstvolksfestes wird am 16. Oktober 2021 um 14 Uhr er\u00f6ffnet werden. Die offizielle Begr\u00fc\u00dfung der Schausteller und Volksfestbesucher durch Geras Oberb\u00fcrgermeister mit dem traditionellen Fassbieranstich ist f\u00fcr 16 Uhr geplant. Bis Sonntag, den 31. Oktober 2021, erwarten die Besucher 29 Schaustellergesch\u00e4fte, darunter die Fahrgesch\u00e4fte \u201eBreak- Dance\u201c, \u201eCortina Jet\u201c, \u201eHula-Hoop\u201c, \u201eAuto-Scooter\u201c, ein \u201eEuropa- Riesenrad\u201c mit 38 m H\u00f6he und eine Familienachterbahn. Besonderes Highlight f\u00fcr die Besucher ist das H\u00f6henfeuerwerk am 29. Oktober gegen 21 Uhr. Nat\u00fcrlich fehlen auch die traditionellen \u201eRummelgesch\u00e4fte\u201c nicht und ebenso wenig die Gesch\u00e4fte f\u00fcr die kleinen Besucher des Festes zum Fahren, Schaukeln, Springen. F\u00fcr eine abwechslungsreiche gastronomische Versorgung sind die Gesch\u00e4fte \u201eGastmahl des Meeres\u201c, \u201eGourmet- Stube\u201c, \u201eDer Vulkan\u201c, \u201ePinguin-Bar\u201c und eine \u201eWichtelb\u00e4ckerei\u201c vor Ort.<\/p>\n\n\n\n<p>Das Herbstvolksfest kann t\u00e4glich in der Zeit von von 14 Uhr bis 22 Uhr besucht werden. Immer mittwochs ist Familientag mit erm\u00e4\u00dfigten Preisen. Allen Besuchern des Festes wird empfohlen, die \u00f6ffentlichen Verkehrsmittel zu nutzen und das Sicherheitspersonal zu beachten. Organisiert wird das Fest vom st\u00e4dtischen Kulturamt gemeinsam mit dem Volksfestbeirat der Stadt Gera.<\/p>\n\n\n\n<p>QUELLE: STADTVERWALTUNG<\/p>\n","protected":false},"excerpt":{"rendered":"<div class=\"mh-excerpt\"><p>Das diesj\u00e4hrige Herbstvolksfestes wird am 16. Oktober 2021 um 14 Uhr er\u00f6ffnet werden. Die offizielle Begr\u00fc\u00dfung der Schausteller und Volksfestbesucher durch Geras Oberb\u00fcrgermeister mit dem traditionellen Fassbieranstich ist f\u00fcr 16 Uhr geplant. Bis Sonntag, den <a class=\"mh-excerpt-more\" href=\"https:\/\/www.studiogera.de\/001\/2021\/10\/11\/herbstvolksfest-vom-16-bis-31-oktober-2021\/\" title=\"HERBSTVOLKSFEST VOM 16. BIS 31. OKTOBER 2021\">[&#8230;]<\/a><\/p>\n<\/div>","protected":false},"author":2,"featured_media":8900,"comment_status":"open","ping_status":"open","sticky":false,"template":"","format":"standard","meta":{"footnotes":""},"categories":[8],"tags":[],"class_list":{"0":"post-16754","1":"post","2":"type-post","3":"status-publish","4":"format-standard","5":"has-post-thumbnail","7":"category-kultur"},"_links":{"self":[{"href":"https:\/\/www.studiogera.de\/001\/wp-json\/wp\/v2\/posts\/16754","targetHints":{"allow":["GET"]}}],"collection":[{"href":"https:\/\/www.studiogera.de\/001\/wp-json\/wp\/v2\/posts"}],"about":[{"href":"https:\/\/www.studiogera.de\/001\/wp-json\/wp\/v2\/types\/post"}],"author":[{"embeddable":true,"href":"https:\/\/www.studiogera.de\/001\/wp-json\/wp\/v2\/users\/2"}],"replies":[{"embeddable":true,"href":"https:\/\/www.studiogera.de\/001\/wp-json\/wp\/v2\/comments?post=16754"}],"version-history":[{"count":2,"href":"https:\/\/www.studiogera.de\/001\/wp-json\/wp\/v2\/posts\/16754\/revisions"}],"predecessor-version":[{"id":16757,"href":"https:\/\/www.studiogera.de\/001\/wp-json\/wp\/v2\/posts\/16754\/revisions\/16757"}],"wp:featuredmedia":[{"embeddable":true,"href":"https:\/\/www.studiogera.de\/001\/wp-json\/wp\/v2\/media\/8900"}],"wp:attachment":[{"href":"https:\/\/www.studiogera.de\/001\/wp-json\/wp\/v2\/media?parent=16754"}],"wp:term":[{"taxonomy":"category","embeddable":true,"href":"https:\/\/www.studiogera.de\/001\/wp-json\/wp\/v2\/categories?post=16754"},{"taxonomy":"post_tag","embeddable":true,"href":"https:\/\/www.studiogera.de\/001\/wp-json\/wp\/v2\/tags?post=16754"}],"curies":[{"name":"wp","href":"https:\/\/api.w.org\/{rel}","templated":true}]}}