{"id":16778,"date":"2021-10-15T15:16:19","date_gmt":"2021-10-15T13:16:19","guid":{"rendered":"http:\/\/www.studiogera.de\/001\/?p=16778"},"modified":"2021-10-15T15:16:20","modified_gmt":"2021-10-15T13:16:20","slug":"das-kulturelle-angebot-in-den-herbstferien","status":"publish","type":"post","link":"https:\/\/www.studiogera.de\/001\/2021\/10\/15\/das-kulturelle-angebot-in-den-herbstferien\/","title":{"rendered":"DAS KULTURELLE ANGEBOT IN DEN HERBSTFERIEN"},"content":{"rendered":"\n<p>Die Herbstferien stehen vor der T\u00fcr. Im Rahmen der zweiw\u00f6chigen Ferienzeit vom 25. Oktober bis 6. November 2021 bieten die Geraer Einrichtungen und Museen spannende Veranstaltungen, Themennachmittage und zahlreiche kreative und sportive Angebote f\u00fcr Kinder und Jugendliche. Ob Halloween-Party, spannende Museumsf\u00fchrungen oder Hip-Hop-Kurse \u2014 hier ist f\u00fcr jeden etwas dabei.<\/p>\n\n\n\n<p>Die folgende \u00dcbersicht zeigt die Ferienangebote mit bestehenden freien Pl\u00e4tzen an. \u00dcber die einzelnen Anmeldmodalit\u00e4ten informieren die einzelnen Anbieter.<\/p>\n\n\n\n<p><strong>Museum f\u00fcr Naturkunde<\/strong><br>W\u00e4hrend der Herbstferien 2021 bietet das Museum f\u00fcr Naturkunde Veranstaltungen f\u00fcr Kinder, Jugendliche und die ganze Familie an. Aufgrund der limitierten Teilnehmerzahlen wird um eine telefonische Voranmeldung w\u00e4hrend der \u00d6ffnungszeiten von Dienstag bis Sonntag von jeweils 11 Uhr bis 17 Uhr unter der Rufnummer 0365 52003 gebeten.<\/p>\n\n\n\n<p>Jeweils am Sonntag, den 24. und 31. Oktober 2021, gilt um 14 Uhr das Motto \u201eHinter den Kulissen \u2014 Sch\u00e4tze auf dem \u00e4ltesten Dachboden Geras\u201c. Das Schreibersche Haus ist das \u00e4lteste erhaltene Wohngeb\u00e4ude der Geraer Altstadt. Es wurde 1668 bis 1688 errichtet und \u00fcberstand den \u201eGro\u00dfen\u201c Stadtbrand Geras am 18. September 1780. Aus der Zeit der Erbauung des Schreiberschen Hauses stammt auch sein architektonisch beeindruckender Dachboden, der dem heutigen Museum zur Unterbringung von botanischen und zoologischen Sammlungen dient. Die Besucher werden in einen der wenigen erhaltenen Orte des \u201ealten\u201c Geras mitgenommen, der regul\u00e4r nicht f\u00fcr die \u00d6ffentlichkeit ge\u00f6ffnet ist.<\/p>\n\n\n\n<p>Von Dienstag, dem 26. Oktober bis Freitag, dem 29. Oktober 2021, hei\u00dft es t\u00e4glich um 14 Uhr \u201eVon \u00c4pfeln und Eremiten \u2014 Lebensraum Streuobstwiese\u201c. Im Kinderkabinett \u201eSchwalbennest\u201c wird der Eremit als ausgew\u00e4hlter tierischer Bewohner der Streuobstwiese vorgestellt. Dabei handelt es sich um einen bis zu vier Zentimeter gro\u00dfen K\u00e4fer, der ein heimliches Leben im Inneren von hohlen B\u00e4umen f\u00fchrt. Die meisten Kinder und Erwachsenen haben ihn noch nie gesehen. Im zweiten Teil der Veranstaltung dreht sich alles um \u00c4pfel von der Streuobstwiese. Es wird frisch gepresster Apfelsaft zubereitet. Dieses Herbstferienangebot findet in Kooperation mit dem Projekt \u201eEremitenlebensr\u00e4ume zwischen Gera und Jena\u201c der Naturforschenden Gesellschaft Altenburg statt.<\/p>\n\n\n\n<p>\u201eVorsicht giftig!\u201c ist der Titel einer Veranstaltung in der zweiten Ferienwoche am Dienstag, den 2. November, sowie am Donnerstag, den 4. November 2021, jeweils um 14 Uhr. Im Kinderkabinett \u201eSchwalbennest\u201c geht es um die t\u00f6dlich giftige Indische Brillenschlange bzw. Indische Kobra. Vorgestellt wird ihre Lebensweise, aber auch der Umgang derjenigen Menschen mit ihr, die mit ihr einen Lebensraum teilen. Neben Schlangen wird zudem ein gef\u00e4hrlicher Stein, den man nicht einstecken sollte, ein giftiger Pilz, den man nicht essen sollte, und eine giftige Pflanze, die man nicht anfassen sollte, pr\u00e4sentiert. Anschlie\u00dfend wird ein Plakat zum Mitnehmen gestaltet.<br>Zur \u201eWild-Schweinerei\u201c wird am Mittwoch, den 3. November, sowie am Freitag, den 5. November 2021, um 14 Uhr geladen. In dieser Veranstaltung steht das einheimische Wildschwein im Mittelpunkt. Anhand echter Tierpr\u00e4parate vom Frischling bis zum Keiler erfahren die Besucherinnen und Besucher viel Interessantes und Wissenswertes rund um Wildschweine. Ein Film verdeutlicht das Verhalten der Tiere. Es werden au\u00dferdem f\u00fcnf Schweinearten aus anderen L\u00e4ndern vorgestellt, darunter das Warzen- oder das Riesenwaldschwein. Anschlie\u00dfend wird in der Dauerausstellung bei einem Spiel nach m\u00f6glichen Nahrungsmitteln f\u00fcr Wildschweine gesucht. Mit dem Gefundenen kann dann ein Plakat zum Mitnehmen gestaltet werden.<\/p>\n\n\n\n<p><strong>Tierpark<\/strong><br>Der Tierpark l\u00e4dt zu den t\u00e4glichen F\u00fctterungszeiten um 11.30 Uhr bei den wei\u00dfen L\u00f6wen und Leoparden, um 15 Uhr bei den Berberaffen sowie zu den Putz- und Pflegezeiten um 14 Uhr bei den Ponys und Eseln im Streichelgehege ein.<br>Ein H\u00f6hepunkt gerade f\u00fcr Kinder ist zudem die Parkeisenbahn. Bei gutem Wetter ist sie au\u00dfer montags und freitags t\u00e4glich von 9.30 Uhr bis 11.30 Uhr sowie von 13 Uhr bis 17 Uhr vom Bahnsteig \u201eWolfsgehege\u201c durch den romantischen Martinsgrund unterwegs.<\/p>\n\n\n\n<p>Der Tierpark hat w\u00e4hrend der gesamten Herbstferien t\u00e4glich ge\u00f6ffnet. Die beiden Tierpark-Kassen, Eingang \u201eAm Martinsgrund\u201c und Eingang \u201eStra\u00dfe des Friedens\u201c, sind ganzt\u00e4tig besetzt. In der ersten Ferienwoche hat der Tierpark von 9 Uhr bis 18 Uhr ge\u00f6ffnet. Ab dem 1. November 2021 gelten die \u00d6ffnungszeiten von 9 Uhr bis 17 Uhr. Der Kiosk zur Waldsch\u00e4nke hat bis einschlie\u00dflich 6. November 2021 t\u00e4glich ge\u00f6ffnet.<\/p>\n\n\n\n<p><strong>Kinder-, Jugend- und Freizeitzentrum \u201eCM\u201c<\/strong><br>Das Kinder-, Jugend- und Freizeitzentrum \u201eCM\u201c l\u00e4dt anl\u00e4sslich des Weltnudeltages am Montag, den 25. Oktober 2021, die Ferienkinder ab 13 Uhr zum gemeinsamen Nudelessen ein. Am Donnerstag, den 28. Oktober 2021 gibt es eine Geocash-Suche. Desweiteren k\u00f6nnen sich die Jungen und M\u00e4dchen auf eine Halloween-Party (31.Oktober 2021, Einlass ab 14 Jahren und nur mit Kost\u00fcm), auf ein Bogenschie\u00df-Turnier (2. November 2021) und einen Bastelnachmittag am Mittwoch, den 3. November freuen, bei welchem Freundschaftsb\u00e4nder hergestellt werden k\u00f6nnen.<br>Alle Angebote, au\u00dfer das Nudelessen, beginnen 15 Uhr.<\/p>\n\n\n\n<p><strong>\u201eBumerang\u201c<\/strong><br>Die erste Ferienwoche steht im Kinder- und Jugendzentrum \u201eBumerang\u201c der Kindervereinigung Gera ganz unter dem Thema \u201eHalloween\u201c. In Vorbereitung der gro\u00dfen Halloween-Party am Freitag, den 29. Oktober 2021, von 15 bis 18 Uhr, werden entsprechende Dekorationen (25. Oktober 2021) und Kost\u00fcme (27. Oktober 2021) gebastelt sowie ein Grusel-Filmnachmittag veranstaltet (28. Oktober 2021). Am Dienstag, den 2. November 2021, wird gebacken und am Donnerstag, den 4. November 2021, l\u00e4dt das Kinder- und Jugendzentrum die M\u00e4dchen zu einer \u201eM\u00e4delszeit\u201c mit \u00dcbernachtung im Bumerang ein.<\/p>\n\n\n\n<p><strong>Skatepark<\/strong><br>Der Skatepark steigt bereits am letzten Schultag, am Freitag, den 22. Oktober 2021, um 20 Uhr mit dem Skatepark-Freiluft-Kino (FSK 16) in die Ferien. Dar\u00fcber hinaus sind ein Ausflug in die Skatehalle Leipzig (28. Oktober), eine Halloween-Party (30. Oktober) sowie ein zweites Kino-Erlebnis (5. November 2021, FSK 6) geplant.<br>Weitere Aktionen sind in Vorbereitung.<\/p>\n\n\n\n<p><strong>Jugendhaus Shalom<\/strong><br>Das Jugendhaus Shalom bietet in den Herbstferien ein kreatives und sportlich aktives Programm f\u00fcr die unterschiedlichsten Interessen an: Von einem Unihockey-Turnier (25. Oktober 2021, 16 Uhr bis 18 Uhr), einem Ausflug in die Schwimmhalle (28. Oktober 2021, 12 Uhr bis 18 Uhr) \u00fcber Schwarzlichttischtennis (29. Oktober 2021, 16 bis 18 Uhr) und Hip-Hop-Kurse (1. bis 3. November 2021, jeweils 15 Uhr bis 18 Uhr) bis hin zu Lasertag (4. November 2021, 17 Uhr bis 19 Uhr) wird sportlich viel geboten. Kreativ wird es hingegen beim Pen&amp;Paper (26. Oktober 2021, 16 Uhr bis 18 Uhr), in der Kreativwerkstatt zum Thema Halloween (27. Oktober 2021, 16 Uhr bis 18 Uhr) oder am Graffiti-Nachmittag (3. November 2021, 16 Uhr bis 18 Uhr). Vegan gekocht wird am Mittwoch, den 3. November 2021 ab 18 Uhr sowie ein gem\u00fctlicher Abend an der Feuerschale am Freitag, den 5. November 2021, ab 19 Uhr verbracht.<br>Am Sonntag, den 7. November l\u00e4dt das Jugendhaus Shalom zu einem Ausflug ins Museum M\u00f6dlareuth an der ehemaligen innerdeutschen Grenze ein.<\/p>\n\n\n\n<p>QUELLE: STADTVERWALTUNG<\/p>\n","protected":false},"excerpt":{"rendered":"<div class=\"mh-excerpt\"><p>Die Herbstferien stehen vor der T\u00fcr. Im Rahmen der zweiw\u00f6chigen Ferienzeit vom 25. Oktober bis 6. November 2021 bieten die Geraer Einrichtungen und Museen spannende Veranstaltungen, Themennachmittage und zahlreiche kreative und sportive Angebote f\u00fcr Kinder <a class=\"mh-excerpt-more\" href=\"https:\/\/www.studiogera.de\/001\/2021\/10\/15\/das-kulturelle-angebot-in-den-herbstferien\/\" title=\"DAS KULTURELLE ANGEBOT IN DEN HERBSTFERIEN\">[&#8230;]<\/a><\/p>\n<\/div>","protected":false},"author":2,"featured_media":11131,"comment_status":"open","ping_status":"open","sticky":false,"template":"","format":"standard","meta":{"footnotes":""},"categories":[8],"tags":[],"class_list":{"0":"post-16778","1":"post","2":"type-post","3":"status-publish","4":"format-standard","5":"has-post-thumbnail","7":"category-kultur"},"_links":{"self":[{"href":"https:\/\/www.studiogera.de\/001\/wp-json\/wp\/v2\/posts\/16778","targetHints":{"allow":["GET"]}}],"collection":[{"href":"https:\/\/www.studiogera.de\/001\/wp-json\/wp\/v2\/posts"}],"about":[{"href":"https:\/\/www.studiogera.de\/001\/wp-json\/wp\/v2\/types\/post"}],"author":[{"embeddable":true,"href":"https:\/\/www.studiogera.de\/001\/wp-json\/wp\/v2\/users\/2"}],"replies":[{"embeddable":true,"href":"https:\/\/www.studiogera.de\/001\/wp-json\/wp\/v2\/comments?post=16778"}],"version-history":[{"count":1,"href":"https:\/\/www.studiogera.de\/001\/wp-json\/wp\/v2\/posts\/16778\/revisions"}],"predecessor-version":[{"id":16779,"href":"https:\/\/www.studiogera.de\/001\/wp-json\/wp\/v2\/posts\/16778\/revisions\/16779"}],"wp:featuredmedia":[{"embeddable":true,"href":"https:\/\/www.studiogera.de\/001\/wp-json\/wp\/v2\/media\/11131"}],"wp:attachment":[{"href":"https:\/\/www.studiogera.de\/001\/wp-json\/wp\/v2\/media?parent=16778"}],"wp:term":[{"taxonomy":"category","embeddable":true,"href":"https:\/\/www.studiogera.de\/001\/wp-json\/wp\/v2\/categories?post=16778"},{"taxonomy":"post_tag","embeddable":true,"href":"https:\/\/www.studiogera.de\/001\/wp-json\/wp\/v2\/tags?post=16778"}],"curies":[{"name":"wp","href":"https:\/\/api.w.org\/{rel}","templated":true}]}}