{"id":16806,"date":"2021-11-01T06:01:00","date_gmt":"2021-11-01T05:01:00","guid":{"rendered":"http:\/\/www.studiogera.de\/001\/?p=16806"},"modified":"2021-10-19T10:43:35","modified_gmt":"2021-10-19T08:43:35","slug":"adventskonzert-im-bad-koestritzer-palais","status":"publish","type":"post","link":"https:\/\/www.studiogera.de\/001\/2021\/11\/01\/adventskonzert-im-bad-koestritzer-palais\/","title":{"rendered":"ADVENTSKONZERT IM BAD K\u00d6STRITZER PALAIS"},"content":{"rendered":"\n<p>Mit dem Adventskonzert \u201eW\u00fcnsche und Gedanken 2\u201c m\u00f6chte das Duo Con emozione am 28. November 2021 auf die sch\u00f6nste Zeit des Jahres einstimmen. Die Besucher d\u00fcrfen sich auf ein weihnachtliches Programm freuen, u. a. mit Kompositionen von Norbert Fietzke auf Gedichte von deutschen Schriftstellern wie Clemens Brentano, Theodor Storm, Robert Reinick, Theodor Fontane und Johann Wolfgang von Goethe.<\/p>\n\n\n\n<p>Es erklingen Vertonungen von Winter-, Weihnachtsgedichten und Wiegenlieder zur Weihnacht, die das Duo Con emozione f\u00fcr dieses Programm erarbeitet hat.<\/p>\n\n\n\n<p>Mit ihrer glockenhellen, reinen Gesangsstimme wird Liane Fietzke gemeinsam mit ihrem Mann Norbert Fietzke, dem perfekten Liedbegleiter, am Klavier die Konzertbesucher auch mit diesem Programm erneut begeistern.<\/p>\n\n\n\n<p>Am Ersten Adventssonntag, den 28. November 2021, treten die K\u00fcnstler um 16 Uhr im Bad K\u00f6stritzer Palais in der Heinrich-Sch\u00fctz-Stra\u00dfe auf.<\/p>\n\n\n\n<p>Das Duo Con emozione, Liane und Norbert Fietzke, arbeitet seit vielen Jahren professionell musikalisch zusammen. Beide wurden an der Musikhochschule \u201eFelix Mendelssohn Bartholdy\u201c in Leipzig ausgebildet. Weitere Studien folgten nach K\u00f6ln und Weimar. Die K\u00fcnstler leben und arbeiten im Havelland. Im Jahr 2019 feierte das Duo Con emozione sein 25-j\u00e4hriges Bestehen. Im Netz zu finden ist es unter der Adresse \u201e<a href=\"https:\/\/www.con-emozione.de\">https:\/\/www.con-emozione.de<\/a>\u201c.<\/p>\n\n\n\n<p>Eintrittskarten k\u00f6nnen beim Bad K\u00f6stritzer Kulturamt unter der Rufnummer 036605 88145 reserviert werden. Ein Anrufbeantworter ist vorhanden. Der Kartenvorverkauf ist \u00fcber die Agentur Eventim m\u00f6glich. Am Konzerttag werden die Eintrittskarten zum Preis von 18 Euro an der Tageskasse ausgegeben. Der Einlass beginnt 30 Minuten vor Veranstaltungsbeginn. Es gelten die allgemeinen Abstands- und Hygieneregeln. Veranstalter ist der Kunst- und Kulturverein Bad K\u00f6stritz.<\/p>\n\n\n\n<p>QUELLE: CON EMOZIONE<\/p>\n","protected":false},"excerpt":{"rendered":"<div class=\"mh-excerpt\"><p>Mit dem Adventskonzert \u201eW\u00fcnsche und Gedanken 2\u201c m\u00f6chte das Duo Con emozione am 28. November 2021 auf die sch\u00f6nste Zeit des Jahres einstimmen. Die Besucher d\u00fcrfen sich auf ein weihnachtliches Programm freuen, u. a. mit <a class=\"mh-excerpt-more\" href=\"https:\/\/www.studiogera.de\/001\/2021\/11\/01\/adventskonzert-im-bad-koestritzer-palais\/\" title=\"ADVENTSKONZERT IM BAD K\u00d6STRITZER PALAIS\">[&#8230;]<\/a><\/p>\n<\/div>","protected":false},"author":2,"featured_media":16807,"comment_status":"open","ping_status":"open","sticky":false,"template":"","format":"standard","meta":{"footnotes":""},"categories":[8],"tags":[],"class_list":{"0":"post-16806","1":"post","2":"type-post","3":"status-publish","4":"format-standard","5":"has-post-thumbnail","7":"category-kultur"},"_links":{"self":[{"href":"https:\/\/www.studiogera.de\/001\/wp-json\/wp\/v2\/posts\/16806","targetHints":{"allow":["GET"]}}],"collection":[{"href":"https:\/\/www.studiogera.de\/001\/wp-json\/wp\/v2\/posts"}],"about":[{"href":"https:\/\/www.studiogera.de\/001\/wp-json\/wp\/v2\/types\/post"}],"author":[{"embeddable":true,"href":"https:\/\/www.studiogera.de\/001\/wp-json\/wp\/v2\/users\/2"}],"replies":[{"embeddable":true,"href":"https:\/\/www.studiogera.de\/001\/wp-json\/wp\/v2\/comments?post=16806"}],"version-history":[{"count":2,"href":"https:\/\/www.studiogera.de\/001\/wp-json\/wp\/v2\/posts\/16806\/revisions"}],"predecessor-version":[{"id":16809,"href":"https:\/\/www.studiogera.de\/001\/wp-json\/wp\/v2\/posts\/16806\/revisions\/16809"}],"wp:featuredmedia":[{"embeddable":true,"href":"https:\/\/www.studiogera.de\/001\/wp-json\/wp\/v2\/media\/16807"}],"wp:attachment":[{"href":"https:\/\/www.studiogera.de\/001\/wp-json\/wp\/v2\/media?parent=16806"}],"wp:term":[{"taxonomy":"category","embeddable":true,"href":"https:\/\/www.studiogera.de\/001\/wp-json\/wp\/v2\/categories?post=16806"},{"taxonomy":"post_tag","embeddable":true,"href":"https:\/\/www.studiogera.de\/001\/wp-json\/wp\/v2\/tags?post=16806"}],"curies":[{"name":"wp","href":"https:\/\/api.w.org\/{rel}","templated":true}]}}