{"id":16853,"date":"2021-10-29T09:21:49","date_gmt":"2021-10-29T07:21:49","guid":{"rendered":"http:\/\/www.studiogera.de\/001\/?p=16853"},"modified":"2021-10-29T09:21:51","modified_gmt":"2021-10-29T07:21:51","slug":"feierliche-verabschiedung-der-ehrenamtlich-taetigen-ihk-pruefer","status":"publish","type":"post","link":"https:\/\/www.studiogera.de\/001\/2021\/10\/29\/feierliche-verabschiedung-der-ehrenamtlich-taetigen-ihk-pruefer\/","title":{"rendered":"FEIERLICHE VERABSCHIEDUNG DER EHRENAMTLICH T\u00c4TIGEN IHK-PR\u00dcFER"},"content":{"rendered":"\n<p>Im Rahmen einer offiziellen Feierstunde verabschiedete die Industrie- und Handelskammer Ostth\u00fcringen am 22. Oktober 2021 in Gera rund 75 Unternehmer, Fach- und F\u00fchrungskr\u00e4fte, die sich viele Jahre lang ehrenamtlich als Pr\u00fcfer in der Aus- und Weiterbildung der IHK Ostth\u00fcringen engagiert haben.<\/p>\n\n\n\n<p>Oberb\u00fcrgermeister Julian Vonarb war als Gast geladen und w\u00fcrdigte in seiner Rede diese T\u00e4tigkeit: \u201eDie IHK lebt vom Ehrenamt und es ist keine Selbstverst\u00e4ndlichkeit, neben der eigentlichen Arbeit im Unternehmen zus\u00e4tzliche Zeit und Energie in einen Pr\u00fcfungsausschuss zu stecken\u201c.<\/p>\n\n\n\n<p>Die IHK Ostth\u00fcringen sei ein bedeutender Wirtschaftsakteur, da sie gute und qualifizierte Fachkr\u00e4fte f\u00fcr den Arbeitsmarkt vorbereite, die der Region und der Stadt Gera zur Verf\u00fcgung st\u00e4nden. \u201eWir blicken Seite an Seite in die gleiche Richtung mit dem Ziel, Gera als innovativen Wirtschaftsstandort nachhaltig zu st\u00e4rken. Unsere Aufgabe ist es daher, den Absolventen eine attraktive Perspektive anzubieten und Gera als attraktive Wohn- und Arbeitsst\u00e4tte zu pr\u00e4sentieren, um die Menschen m\u00f6glichst bei uns zu halten\u201c, so Vonarb.<\/p>\n\n\n\n<p>Rund 1200 Unternehmer, Fach- und F\u00fchrungskr\u00e4fte engagieren sich ehrenamtlich in den Pr\u00fcfungsaussch\u00fcssen der IHK Ostth\u00fcringen zu Gera. In den vergangenen 30 Jahren wurden von den ehrenamtlichen Mitgliedern mehr als 400&#8217;000 Pr\u00fcfungen in Ausbildung, Weiterbildung sowie Sach- und Fachkunde abgenommen.<\/p>\n\n\n\n<p>QUELLE: STADTVERWALTUNG<\/p>\n","protected":false},"excerpt":{"rendered":"<div class=\"mh-excerpt\"><p>Im Rahmen einer offiziellen Feierstunde verabschiedete die Industrie- und Handelskammer Ostth\u00fcringen am 22. Oktober 2021 in Gera rund 75 Unternehmer, Fach- und F\u00fchrungskr\u00e4fte, die sich viele Jahre lang ehrenamtlich als Pr\u00fcfer in der Aus- und <a class=\"mh-excerpt-more\" href=\"https:\/\/www.studiogera.de\/001\/2021\/10\/29\/feierliche-verabschiedung-der-ehrenamtlich-taetigen-ihk-pruefer\/\" title=\"FEIERLICHE VERABSCHIEDUNG DER EHRENAMTLICH T\u00c4TIGEN IHK-PR\u00dcFER\">[&#8230;]<\/a><\/p>\n<\/div>","protected":false},"author":2,"featured_media":16854,"comment_status":"open","ping_status":"open","sticky":false,"template":"","format":"standard","meta":{"footnotes":""},"categories":[3],"tags":[],"class_list":{"0":"post-16853","1":"post","2":"type-post","3":"status-publish","4":"format-standard","5":"has-post-thumbnail","7":"category-lokal"},"_links":{"self":[{"href":"https:\/\/www.studiogera.de\/001\/wp-json\/wp\/v2\/posts\/16853","targetHints":{"allow":["GET"]}}],"collection":[{"href":"https:\/\/www.studiogera.de\/001\/wp-json\/wp\/v2\/posts"}],"about":[{"href":"https:\/\/www.studiogera.de\/001\/wp-json\/wp\/v2\/types\/post"}],"author":[{"embeddable":true,"href":"https:\/\/www.studiogera.de\/001\/wp-json\/wp\/v2\/users\/2"}],"replies":[{"embeddable":true,"href":"https:\/\/www.studiogera.de\/001\/wp-json\/wp\/v2\/comments?post=16853"}],"version-history":[{"count":1,"href":"https:\/\/www.studiogera.de\/001\/wp-json\/wp\/v2\/posts\/16853\/revisions"}],"predecessor-version":[{"id":16855,"href":"https:\/\/www.studiogera.de\/001\/wp-json\/wp\/v2\/posts\/16853\/revisions\/16855"}],"wp:featuredmedia":[{"embeddable":true,"href":"https:\/\/www.studiogera.de\/001\/wp-json\/wp\/v2\/media\/16854"}],"wp:attachment":[{"href":"https:\/\/www.studiogera.de\/001\/wp-json\/wp\/v2\/media?parent=16853"}],"wp:term":[{"taxonomy":"category","embeddable":true,"href":"https:\/\/www.studiogera.de\/001\/wp-json\/wp\/v2\/categories?post=16853"},{"taxonomy":"post_tag","embeddable":true,"href":"https:\/\/www.studiogera.de\/001\/wp-json\/wp\/v2\/tags?post=16853"}],"curies":[{"name":"wp","href":"https:\/\/api.w.org\/{rel}","templated":true}]}}