{"id":16859,"date":"2021-10-29T11:13:09","date_gmt":"2021-10-29T09:13:09","guid":{"rendered":"http:\/\/www.studiogera.de\/001\/?p=16859"},"modified":"2022-07-02T12:18:22","modified_gmt":"2022-07-02T10:18:22","slug":"facebook-wurde-umbenannt-in-meta-platforms","status":"publish","type":"post","link":"https:\/\/www.studiogera.de\/001\/2021\/10\/29\/facebook-wurde-umbenannt-in-meta-platforms\/","title":{"rendered":"\u201eFACEBOOK\u201c WURDE UMBENANNT IN \u201eMETA PLATFORMS\u201c"},"content":{"rendered":"\n<p>Der Konzern \u201eFacebook\u201c wurde am 28. Oktober 2021 umbenannt in \u201eMeta Platforms\u201c. Das gab der Vorstandsvorsitzende Mark Zuckerberg in einer virtuellen Konferenz bekannt. Im Fokus soll k\u00fcnftig die neue virtuelle Umgebung \u201eMetaverse\u201c liegen. Der vormalige Name \u201eFacebook\u201c werde dem gesamten Angebot des Konzerns nicht mehr gerecht. Die gleichnamige Kommunikationsplattform wird ihrem Namen jedoch behalten, ebenso wie die anderen Dienste.<\/p>\n\n\n\n<p>Virtuelle Umgebungen sind nach Ansicht Zuckerbergs der n\u00e4chste Entwicklungsschritt im Internet. Dort werde k\u00fcnftig die digitale Kommunikation stattfinden. Das \u201eMetaverse\u201c ist ein kollektiver virtueller Raum und bietet bereits eine eigene digitale W\u00e4hrung mit dem Namen \u201eDiem\u201c an. Zudem produziert Mark Zuckerbergs Virtual-Reality-Firma Oculus VR-Brillen, die f\u00fcr die neue virtuelle Umgebung von Bedeutung sein werden.<\/p>\n\n\n\n<p>Ihren entwicklungstechnischen Ausgangspunkt haben virtuelle Umgebungen in Spieleplattform wie jener der Firma Roblox. Darin k\u00f6nnen Teilnehmer einen Avatar erstellen und sich in selbst kreierten Welten bewegen.<br>Ab dem 1. Dezember 2021 werden die Aktien des Konzerns unter dem neuen B\u00f6rsenk\u00fcrzel MVRS gehandelt werden.<\/p>\n\n\n\n<p>Der Begriff \u201eMetaverse\u201c wurde erstmals in dem 1991 ver\u00f6ffentlichten Roman \u201eSnow Crash\u201c von Neal Stephenson verwendet. Der Autor beschreibt darin eine Dystopie. In dieser nicht erstrebenswerten Zukunft dominieren Gro\u00dfkonzerne und das organisierte Verbrechen. Sie nutzen digitale W\u00e4hrungen f\u00fcr ihre Zwecke, w\u00e4hrend die meisten Menschen in Armut leben und sich in das Metaversum begeben, um der trostlosen realen Welt zu entkommen.<\/p>\n","protected":false},"excerpt":{"rendered":"<div class=\"mh-excerpt\"><p>Der Konzern \u201eFacebook\u201c wurde am 28. Oktober 2021 umbenannt in \u201eMeta Platforms\u201c. Das gab der Vorstandsvorsitzende Mark Zuckerberg in einer virtuellen Konferenz bekannt. Im Fokus soll k\u00fcnftig die neue virtuelle Umgebung \u201eMetaverse\u201c liegen. Der vormalige <a class=\"mh-excerpt-more\" href=\"https:\/\/www.studiogera.de\/001\/2021\/10\/29\/facebook-wurde-umbenannt-in-meta-platforms\/\" title=\"\u201eFACEBOOK\u201c WURDE UMBENANNT IN \u201eMETA PLATFORMS\u201c\">[&#8230;]<\/a><\/p>\n<\/div>","protected":false},"author":2,"featured_media":4059,"comment_status":"open","ping_status":"open","sticky":false,"template":"","format":"standard","meta":{"footnotes":""},"categories":[17],"tags":[],"class_list":{"0":"post-16859","1":"post","2":"type-post","3":"status-publish","4":"format-standard","5":"has-post-thumbnail","7":"category-medien"},"_links":{"self":[{"href":"https:\/\/www.studiogera.de\/001\/wp-json\/wp\/v2\/posts\/16859","targetHints":{"allow":["GET"]}}],"collection":[{"href":"https:\/\/www.studiogera.de\/001\/wp-json\/wp\/v2\/posts"}],"about":[{"href":"https:\/\/www.studiogera.de\/001\/wp-json\/wp\/v2\/types\/post"}],"author":[{"embeddable":true,"href":"https:\/\/www.studiogera.de\/001\/wp-json\/wp\/v2\/users\/2"}],"replies":[{"embeddable":true,"href":"https:\/\/www.studiogera.de\/001\/wp-json\/wp\/v2\/comments?post=16859"}],"version-history":[{"count":2,"href":"https:\/\/www.studiogera.de\/001\/wp-json\/wp\/v2\/posts\/16859\/revisions"}],"predecessor-version":[{"id":19664,"href":"https:\/\/www.studiogera.de\/001\/wp-json\/wp\/v2\/posts\/16859\/revisions\/19664"}],"wp:featuredmedia":[{"embeddable":true,"href":"https:\/\/www.studiogera.de\/001\/wp-json\/wp\/v2\/media\/4059"}],"wp:attachment":[{"href":"https:\/\/www.studiogera.de\/001\/wp-json\/wp\/v2\/media?parent=16859"}],"wp:term":[{"taxonomy":"category","embeddable":true,"href":"https:\/\/www.studiogera.de\/001\/wp-json\/wp\/v2\/categories?post=16859"},{"taxonomy":"post_tag","embeddable":true,"href":"https:\/\/www.studiogera.de\/001\/wp-json\/wp\/v2\/tags?post=16859"}],"curies":[{"name":"wp","href":"https:\/\/api.w.org\/{rel}","templated":true}]}}