{"id":16886,"date":"2021-10-30T13:59:21","date_gmt":"2021-10-30T11:59:21","guid":{"rendered":"http:\/\/www.studiogera.de\/001\/?p=16886"},"modified":"2021-10-30T13:59:21","modified_gmt":"2021-10-30T11:59:21","slug":"das-metropolitan-jazz-orchestra-in-gera","status":"publish","type":"post","link":"https:\/\/www.studiogera.de\/001\/2021\/10\/30\/das-metropolitan-jazz-orchestra-in-gera\/","title":{"rendered":"DAS METROPOLITAN-JAZZ-ORCHESTRA IN GERA"},"content":{"rendered":"\n<p>Das Publikum konnte sich am Sonntag, den 24. Oktober, im Konzertsaal Gera auf das au\u00dfergew\u00f6hnliche Programm \u201eSwing goes Latin\u201c freuen. Dabei wurde temporeiche Musik, klangliche Vielfalt und Virtuosit\u00e4t geboten. Ein weiteres Konzert findet am Mittwoch, den 8. Dezember um 19.30 Uhr in der gleichen Spielst\u00e4tte statt.<\/p>\n\n\n\n<p>Die Bigband ist in vielen Stilrichtungen zu Hause und bringt neben klassischen Standards auch interessante unbekannte Kompositionen zu Geh\u00f6r. Seit fast zehn Jahren ist das Metropolitan Jazz Orchestra in Gera auf den B\u00fchnen pr\u00e4sent und zeichnet sich vor allem durch eine exquisite Programmauswahl aus, welche im Th\u00fcringer Raum eine Einmaligkeit darstellt. Gegr\u00fcndet 2011 durch Claus Bloszik ist es aus dem kulturellen Leben der Stadt Gera nicht mehr wegzudenken. Als Frontfrau ist wieder Jule Ro\u00dfberg an Bord. Mit ihrer unverwechselbaren Stimme und B\u00fchnenpr\u00e4senz pr\u00e4gt sie schon von Anfang den Charakter des Metropolitan Jazz Orchestras. F\u00fcr die musikalische Leitung konnte Jupp Geyer gewonnen werden, ein hochkar\u00e4tiger Jazzmusiker und mehrfacher Preistr\u00e4ger nationaler Wettbewerbe.<\/p>\n","protected":false},"excerpt":{"rendered":"<div class=\"mh-excerpt\"><p>Das Publikum konnte sich am Sonntag, den 24. Oktober, im Konzertsaal Gera auf das au\u00dfergew\u00f6hnliche Programm \u201eSwing goes Latin\u201c freuen. Dabei wurde temporeiche Musik, klangliche Vielfalt und Virtuosit\u00e4t geboten. Ein weiteres Konzert findet am Mittwoch, <a class=\"mh-excerpt-more\" href=\"https:\/\/www.studiogera.de\/001\/2021\/10\/30\/das-metropolitan-jazz-orchestra-in-gera\/\" title=\"DAS METROPOLITAN-JAZZ-ORCHESTRA IN GERA\">[&#8230;]<\/a><\/p>\n<\/div>","protected":false},"author":2,"featured_media":16887,"comment_status":"open","ping_status":"open","sticky":false,"template":"","format":"standard","meta":{"footnotes":""},"categories":[15],"tags":[],"class_list":{"0":"post-16886","1":"post","2":"type-post","3":"status-publish","4":"format-standard","5":"has-post-thumbnail","7":"category-theater"},"_links":{"self":[{"href":"https:\/\/www.studiogera.de\/001\/wp-json\/wp\/v2\/posts\/16886","targetHints":{"allow":["GET"]}}],"collection":[{"href":"https:\/\/www.studiogera.de\/001\/wp-json\/wp\/v2\/posts"}],"about":[{"href":"https:\/\/www.studiogera.de\/001\/wp-json\/wp\/v2\/types\/post"}],"author":[{"embeddable":true,"href":"https:\/\/www.studiogera.de\/001\/wp-json\/wp\/v2\/users\/2"}],"replies":[{"embeddable":true,"href":"https:\/\/www.studiogera.de\/001\/wp-json\/wp\/v2\/comments?post=16886"}],"version-history":[{"count":1,"href":"https:\/\/www.studiogera.de\/001\/wp-json\/wp\/v2\/posts\/16886\/revisions"}],"predecessor-version":[{"id":16888,"href":"https:\/\/www.studiogera.de\/001\/wp-json\/wp\/v2\/posts\/16886\/revisions\/16888"}],"wp:featuredmedia":[{"embeddable":true,"href":"https:\/\/www.studiogera.de\/001\/wp-json\/wp\/v2\/media\/16887"}],"wp:attachment":[{"href":"https:\/\/www.studiogera.de\/001\/wp-json\/wp\/v2\/media?parent=16886"}],"wp:term":[{"taxonomy":"category","embeddable":true,"href":"https:\/\/www.studiogera.de\/001\/wp-json\/wp\/v2\/categories?post=16886"},{"taxonomy":"post_tag","embeddable":true,"href":"https:\/\/www.studiogera.de\/001\/wp-json\/wp\/v2\/tags?post=16886"}],"curies":[{"name":"wp","href":"https:\/\/api.w.org\/{rel}","templated":true}]}}