{"id":16892,"date":"2021-10-30T14:21:02","date_gmt":"2021-10-30T12:21:02","guid":{"rendered":"http:\/\/www.studiogera.de\/001\/?p=16892"},"modified":"2021-10-30T14:21:04","modified_gmt":"2021-10-30T12:21:04","slug":"operettenkomoedie-die-ganze-welt-ist-himmelblau","status":"publish","type":"post","link":"https:\/\/www.studiogera.de\/001\/2021\/10\/30\/operettenkomoedie-die-ganze-welt-ist-himmelblau\/","title":{"rendered":"OPERETTENKOM\u00d6DIE \u201eDIE GANZE WELT IST HIMMELBLAU\u201c"},"content":{"rendered":"\n<p>\u201eDie ganze Welt ist himmelblau!\u201c lautet das Motto, wenn Kapellmeister Thomas Wicklein das Publikum wieder auf seine eigens zusammengestellte und mit heiteren Dialogen ausgestattete \u201eReise ins Reich der Operette\u201c mitnimmt. Zu erleben war diese im Rahmen einer Premiere am 29. Oktober 2021 im Geraer Konzertsaal. Es folgen weitere Auff\u00fchrungen. Musikalisch tummeln sich dabei ber\u00fchrende und beschwingte H\u00f6hepunkte aus Operettenklassikern von Johann Strauss, Carl Zeller, Paul Lincke, Emmerich K\u00e1lm\u00e1n und vielen weiteren.<\/p>\n\n\n\n<p>In der Kom\u00f6die \u201eDie ganze Welt ist himmelblau!\u201c von Kapellmeister Thomas Wicklein, kommen Operettenfreunde ganz auf ihre Kosten. W\u00e4hrend des heiter beschwingten Abends werden ausgew\u00e4hlte H\u00f6hepunkte verschiedener Publikumslieblinge pr\u00e4sentiert.<\/p>\n\n\n\n<p>Eine vergn\u00fcgliche Tour durch die Operettenmetropolen Europas \u2014 Paris, Wien, Budapest, Berlin \u2014 so h\u00fcbsch hatte sich das die kleine Reisegesellschaft vorgestellt. Doch kaum haben sich die vier beschwingten Operettenfans in Bewegung gesetzt, werden sie in voller Fahrt und Vorfreude gebremst: keine Weiterreise m\u00f6glich, alle Reiseziele Risikogebiete! Die Warnungen der Operetten-Unwetterzentrale sind eindeutig und eindringlich. So kommt es, das die vier die Nacht als G\u00e4ste in einem charmanten Hotel der Sonderklasse verbringen d\u00fcrfen, dem Grand Hotel Belerevue. In diesem ehr- und fragw\u00fcrdigen Operettenetablissement ist der findige Portier f\u00fcr die Einhaltung der Anstandsregeln verantwortlich. Die an ihrer Reise Gehinderten tr\u00e4umen sich an ihre Sehnsuchtsorte, wobei sich auch das Hotelzimmer als geeignete B\u00fchne f\u00fcr gl\u00fchende Leidenschaft und k\u00f6stliches Am\u00fcsement herausstellt.<br>Das Philharmonische Orchester Altenburg Gera musiziert unter der Leitung von Kapellmeister Thomas Wicklein. Heike Kley zeichnet f\u00fcr Inszenierung und Choreografie, Elena K\u00f6hler f\u00fcr B\u00fchne und Kost\u00fcme verantwortlich. Solisten sind Julia Gromball (Sopran), Joanna Jaworowska (Mezzosopran), Gustavo Mordente Eda (Tenor) vom Th\u00fcringer Opernstudio, Johannes Beck (Bariton) und Ulrich Burdack sowie Roman Asthakov (Bass).<\/p>\n\n\n\n<p>WEITERE AUFF\u00dcHRUNGEN IN GERA<\/p>\n\n\n\n<p>Samstag, 30. Oktober 2021, 19.30 Uhr<br>Sonntag, 31. Oktober 2021, 14.30 Uhr<br>Freitag, 5. November 2021, 19.30 Uhr<br>Sonntag, 7. November 2021, 14.30 Uhr<br>Sonntag, 26. Dezember 2021, 14.30 Uhr<\/p>\n\n\n\n<p>Eintrittskarten sind an der Theaterkasse erh\u00e4ltlich. Diese k\u00f6nnen telefonisch unter der Rufnummer 0365 8279105 bzw. 03447 585160 sowie \u00fcber \u201ewww.theater-altenburg-gera.de\u201d reserviert werden.<\/p>\n\n\n\n<p>QUELLE: THEATER ALTENBURG GERA GGMBH<\/p>\n","protected":false},"excerpt":{"rendered":"<div class=\"mh-excerpt\"><p>\u201eDie ganze Welt ist himmelblau!\u201c lautet das Motto, wenn Kapellmeister Thomas Wicklein das Publikum wieder auf seine eigens zusammengestellte und mit heiteren Dialogen ausgestattete \u201eReise ins Reich der Operette\u201c mitnimmt. Zu erleben war diese im <a class=\"mh-excerpt-more\" href=\"https:\/\/www.studiogera.de\/001\/2021\/10\/30\/operettenkomoedie-die-ganze-welt-ist-himmelblau\/\" title=\"OPERETTENKOM\u00d6DIE \u201eDIE GANZE WELT IST HIMMELBLAU\u201c\">[&#8230;]<\/a><\/p>\n<\/div>","protected":false},"author":2,"featured_media":16893,"comment_status":"open","ping_status":"open","sticky":false,"template":"","format":"standard","meta":{"footnotes":""},"categories":[15],"tags":[],"class_list":{"0":"post-16892","1":"post","2":"type-post","3":"status-publish","4":"format-standard","5":"has-post-thumbnail","7":"category-theater"},"_links":{"self":[{"href":"https:\/\/www.studiogera.de\/001\/wp-json\/wp\/v2\/posts\/16892","targetHints":{"allow":["GET"]}}],"collection":[{"href":"https:\/\/www.studiogera.de\/001\/wp-json\/wp\/v2\/posts"}],"about":[{"href":"https:\/\/www.studiogera.de\/001\/wp-json\/wp\/v2\/types\/post"}],"author":[{"embeddable":true,"href":"https:\/\/www.studiogera.de\/001\/wp-json\/wp\/v2\/users\/2"}],"replies":[{"embeddable":true,"href":"https:\/\/www.studiogera.de\/001\/wp-json\/wp\/v2\/comments?post=16892"}],"version-history":[{"count":1,"href":"https:\/\/www.studiogera.de\/001\/wp-json\/wp\/v2\/posts\/16892\/revisions"}],"predecessor-version":[{"id":16894,"href":"https:\/\/www.studiogera.de\/001\/wp-json\/wp\/v2\/posts\/16892\/revisions\/16894"}],"wp:featuredmedia":[{"embeddable":true,"href":"https:\/\/www.studiogera.de\/001\/wp-json\/wp\/v2\/media\/16893"}],"wp:attachment":[{"href":"https:\/\/www.studiogera.de\/001\/wp-json\/wp\/v2\/media?parent=16892"}],"wp:term":[{"taxonomy":"category","embeddable":true,"href":"https:\/\/www.studiogera.de\/001\/wp-json\/wp\/v2\/categories?post=16892"},{"taxonomy":"post_tag","embeddable":true,"href":"https:\/\/www.studiogera.de\/001\/wp-json\/wp\/v2\/tags?post=16892"}],"curies":[{"name":"wp","href":"https:\/\/api.w.org\/{rel}","templated":true}]}}