{"id":16920,"date":"2021-11-01T20:03:40","date_gmt":"2021-11-01T19:03:40","guid":{"rendered":"http:\/\/www.studiogera.de\/001\/?p=16920"},"modified":"2021-11-01T20:03:41","modified_gmt":"2021-11-01T19:03:41","slug":"der-geraer-winterdienst-ist-einsatzbereit","status":"publish","type":"post","link":"https:\/\/www.studiogera.de\/001\/2021\/11\/01\/der-geraer-winterdienst-ist-einsatzbereit\/","title":{"rendered":"DER GERAER WINTERDIENST IST EINSATZBEREIT"},"content":{"rendered":"\n<p>Die Vorbereitungen auf die Winterperiode 2021\/2022 sind in gro\u00dfen und entscheidenden Teilen abgeschlossen. Etwa 1800 Tonnen Streusalz hat der st\u00e4dtische Bauhof gelagert. Derzeit werden die rund 250 Streucontainer im Stadtgebiet bef\u00fcllt. Ab Anfang November stellt der Bauhof des Tiefbau- und Verkehrsamtes Schneez\u00e4une auf. Den Stra\u00dfenwinterdienst f\u00fcr insgesamt acht Streustrecken \u00fcbernehmen 15 Fahrzeuge und damit ein Fahrzeug mehr, als in der starken Winterperiode 2020\/2021. Zus\u00e4tzlich wurden die Kapazit\u00e4ten des st\u00e4dtischen Bauhofes f\u00fcr den Wintereinsatz erh\u00f6ht.<br>Der st\u00e4dtische Winterdienst erfolgt auch im Winter 2021\/2022 entsprechend der Priorisierung der Stadtstra\u00dfen in A-, B- und C-Strecken. Danach m\u00fcssen vorrangig die Streustrecken der Kategorien A und B freigehalten werden. Dazu geh\u00f6ren Bundes- und Hauptstra\u00dfen, die Krankenhaus- und Feuerwehrzufahrten, die Nord-S\u00fcd sowie Ost-West-Durchfahrten durch das Stadtgebiet, die Ortsverbindungsstra\u00dfen und Busstrecken. Erst danach folgt die bedarfsorientierte R\u00e4umung und Streuung von untergeordneten Geraer Stra\u00dfen. F\u00fcr neun Gehwege, die in die Zust\u00e4ndigkeit der Stadt fallen, wurde die \u201eGartenlandschaftsbau, Recycling &amp; Abbruch und Abriss GmbH\u201c als Winterdienstleister beauftragt.<br>Das R\u00e4umen und Streuen von Privat- und Gehwegen sind Aufgaben des Eigent\u00fcmers. Dieser kann die T\u00e4tigkeiten an die Mieter oder an einen R\u00e4umdienst \u00fcbergeben. B\u00fcrgersteige sind auf einer Breite von mindestens 1,2 Meter vom Schnee zu befreien. Neben dem Bauhof des Tiefbau- und Verkehrsamtes werden die Th\u00fcringer Stra\u00dfenwartungs- und Instandhaltungsgesellschaft mbH &amp; Co. KG sowie die \u201eGeraer Umweltdienste GmbH &amp; Co. KG\u201c f\u00fcr den st\u00e4dtischen Winterdienst zust\u00e4ndig sein.<br>Der Winterdienst ist ab Anfang November \u00fcber die Einsatzzentrale der Stadt organisiert. Die Einsatzleitung ist telefonisch unter der Rufnummer 0365 4371429 wie folgt zu erreichen:<br><\/p>\n\n\n\n<p>montags bis freitags 4 Uhr bis 22 Uhr<br>samstags 6 Uhr bis 20 Uhr<br>sonn- und feiertags 6 bis 20 Uhr<\/p>\n\n\n\n<p>QUELLE: STADTVERWALTUNG<\/p>\n","protected":false},"excerpt":{"rendered":"<div class=\"mh-excerpt\"><p>Die Vorbereitungen auf die Winterperiode 2021\/2022 sind in gro\u00dfen und entscheidenden Teilen abgeschlossen. Etwa 1800 Tonnen Streusalz hat der st\u00e4dtische Bauhof gelagert. Derzeit werden die rund 250 Streucontainer im Stadtgebiet bef\u00fcllt. Ab Anfang November stellt <a class=\"mh-excerpt-more\" href=\"https:\/\/www.studiogera.de\/001\/2021\/11\/01\/der-geraer-winterdienst-ist-einsatzbereit\/\" title=\"DER GERAER WINTERDIENST IST EINSATZBEREIT\">[&#8230;]<\/a><\/p>\n<\/div>","protected":false},"author":2,"featured_media":16921,"comment_status":"open","ping_status":"open","sticky":false,"template":"","format":"standard","meta":{"footnotes":""},"categories":[3],"tags":[],"class_list":{"0":"post-16920","1":"post","2":"type-post","3":"status-publish","4":"format-standard","5":"has-post-thumbnail","7":"category-lokal"},"_links":{"self":[{"href":"https:\/\/www.studiogera.de\/001\/wp-json\/wp\/v2\/posts\/16920","targetHints":{"allow":["GET"]}}],"collection":[{"href":"https:\/\/www.studiogera.de\/001\/wp-json\/wp\/v2\/posts"}],"about":[{"href":"https:\/\/www.studiogera.de\/001\/wp-json\/wp\/v2\/types\/post"}],"author":[{"embeddable":true,"href":"https:\/\/www.studiogera.de\/001\/wp-json\/wp\/v2\/users\/2"}],"replies":[{"embeddable":true,"href":"https:\/\/www.studiogera.de\/001\/wp-json\/wp\/v2\/comments?post=16920"}],"version-history":[{"count":1,"href":"https:\/\/www.studiogera.de\/001\/wp-json\/wp\/v2\/posts\/16920\/revisions"}],"predecessor-version":[{"id":16922,"href":"https:\/\/www.studiogera.de\/001\/wp-json\/wp\/v2\/posts\/16920\/revisions\/16922"}],"wp:featuredmedia":[{"embeddable":true,"href":"https:\/\/www.studiogera.de\/001\/wp-json\/wp\/v2\/media\/16921"}],"wp:attachment":[{"href":"https:\/\/www.studiogera.de\/001\/wp-json\/wp\/v2\/media?parent=16920"}],"wp:term":[{"taxonomy":"category","embeddable":true,"href":"https:\/\/www.studiogera.de\/001\/wp-json\/wp\/v2\/categories?post=16920"},{"taxonomy":"post_tag","embeddable":true,"href":"https:\/\/www.studiogera.de\/001\/wp-json\/wp\/v2\/tags?post=16920"}],"curies":[{"name":"wp","href":"https:\/\/api.w.org\/{rel}","templated":true}]}}