{"id":16923,"date":"2021-11-01T20:21:29","date_gmt":"2021-11-01T19:21:29","guid":{"rendered":"http:\/\/www.studiogera.de\/001\/?p=16923"},"modified":"2021-11-01T20:21:30","modified_gmt":"2021-11-01T19:21:30","slug":"gruendern-im-tgz-wird-die-kaltmiete-erlassen","status":"publish","type":"post","link":"https:\/\/www.studiogera.de\/001\/2021\/11\/01\/gruendern-im-tgz-wird-die-kaltmiete-erlassen\/","title":{"rendered":"GR\u00dcNDERN IM TGZ WIRD DIE KALTMIETE ERLASSEN"},"content":{"rendered":"\n<p>Gr\u00fcnder in Gera k\u00f6nnen wieder von der M\u00f6glichkeit einer Kaltmietfreistellung im Technologie- und Gr\u00fcnderzentrum im Gewerbepark Keplerstra\u00dfe (TGZ) profitieren. Nach einer Vorank\u00fcndigung am 22. Oktober 2021 konnte Gesch\u00e4ftsf\u00fchrer Alexander Leonhardt nunmehr den Bescheid in den H\u00e4nden halten. Es besteht demnach die M\u00f6glichkeit einer 100 % F\u00f6rderung der Kaltmiete bis zu einem Maximalbetrag von rund 830 EUR im Monat.<\/p>\n\n\n\n<p>\u201eIch freue mich, dass unsere Antragstellung erfolgreich war und wir damit ein Signal senden. Ich w\u00fcnsche mir nach wie vor eine Zukunftsperspektive f\u00fcr das Haus\u201c, so Alexander Leonhardt.<\/p>\n\n\n\n<p>Der zweckgebundene Zuschuss f\u00fcr Kaltmietfreistellungen sei eine wichtige Unterst\u00fctzung f\u00fcr junge technologieorientierte bzw. junge wissensorientierte sowie junge kreativwirtschaftliche kleine und mittelst\u00e4ndige Unternehmen zum Start in die Selbstst\u00e4ndigkeit, betont Leonhardt erg\u00e4nzend.<\/p>\n\n\n\n<p>Mit der Antragstellung wurde vor allem Bezug auf das Leitziel des Freistaates Th\u00fcringen \u201eNachhaltige und intelligente Mobilit\u00e4t und Logistik\u201c sowie auf das Querschnittsthema \u201eIKT, innovative und produktionsnahe Dienstleistungen\u201c genommen. Dieses Unterst\u00fctzungsangebot aus dem TGZ wird sich ebenfalls positiv auf die Entwicklungen und \u00dcberlegungen rund um die Mobilit\u00e4t der Zukunft in Gera sowie das Smartcity-Projekt und das als Verein gegr\u00fcndete Institut f\u00fcr Anwendungsentwicklung e. V. auswirken. Dieses versteht sich als Zentrum zur Innovationsf\u00f6rderung, der Forschung und Entwicklung von Software und Datenanalyse unter Einbeziehung zukunftstr\u00e4chtiger Entwicklungen im Bereich der digitalen Transformation.<\/p>\n\n\n\n<p>Gegenw\u00e4rtig k\u00f6nnen die neu f\u00fcr das TGZ gewonnenen Unternehmen Anglerschmiede GmbH und Decomplex IT GmbH von der Kaltmietfreistellung profitieren. Weitere Informationen sind unter \u201ewww.tgz-gera.de\u201c abrufbar.<\/p>\n\n\n\n<p>QUELLE: STADTVERWALTUNG<\/p>\n","protected":false},"excerpt":{"rendered":"<div class=\"mh-excerpt\"><p>Gr\u00fcnder in Gera k\u00f6nnen wieder von der M\u00f6glichkeit einer Kaltmietfreistellung im Technologie- und Gr\u00fcnderzentrum im Gewerbepark Keplerstra\u00dfe (TGZ) profitieren. Nach einer Vorank\u00fcndigung am 22. Oktober 2021 konnte Gesch\u00e4ftsf\u00fchrer Alexander Leonhardt nunmehr den Bescheid in den <a class=\"mh-excerpt-more\" href=\"https:\/\/www.studiogera.de\/001\/2021\/11\/01\/gruendern-im-tgz-wird-die-kaltmiete-erlassen\/\" title=\"GR\u00dcNDERN IM TGZ WIRD DIE KALTMIETE ERLASSEN\">[&#8230;]<\/a><\/p>\n<\/div>","protected":false},"author":2,"featured_media":2946,"comment_status":"open","ping_status":"open","sticky":false,"template":"","format":"standard","meta":{"footnotes":""},"categories":[4],"tags":[],"class_list":{"0":"post-16923","1":"post","2":"type-post","3":"status-publish","4":"format-standard","5":"has-post-thumbnail","7":"category-wirtschaft"},"_links":{"self":[{"href":"https:\/\/www.studiogera.de\/001\/wp-json\/wp\/v2\/posts\/16923","targetHints":{"allow":["GET"]}}],"collection":[{"href":"https:\/\/www.studiogera.de\/001\/wp-json\/wp\/v2\/posts"}],"about":[{"href":"https:\/\/www.studiogera.de\/001\/wp-json\/wp\/v2\/types\/post"}],"author":[{"embeddable":true,"href":"https:\/\/www.studiogera.de\/001\/wp-json\/wp\/v2\/users\/2"}],"replies":[{"embeddable":true,"href":"https:\/\/www.studiogera.de\/001\/wp-json\/wp\/v2\/comments?post=16923"}],"version-history":[{"count":1,"href":"https:\/\/www.studiogera.de\/001\/wp-json\/wp\/v2\/posts\/16923\/revisions"}],"predecessor-version":[{"id":16924,"href":"https:\/\/www.studiogera.de\/001\/wp-json\/wp\/v2\/posts\/16923\/revisions\/16924"}],"wp:featuredmedia":[{"embeddable":true,"href":"https:\/\/www.studiogera.de\/001\/wp-json\/wp\/v2\/media\/2946"}],"wp:attachment":[{"href":"https:\/\/www.studiogera.de\/001\/wp-json\/wp\/v2\/media?parent=16923"}],"wp:term":[{"taxonomy":"category","embeddable":true,"href":"https:\/\/www.studiogera.de\/001\/wp-json\/wp\/v2\/categories?post=16923"},{"taxonomy":"post_tag","embeddable":true,"href":"https:\/\/www.studiogera.de\/001\/wp-json\/wp\/v2\/tags?post=16923"}],"curies":[{"name":"wp","href":"https:\/\/api.w.org\/{rel}","templated":true}]}}