{"id":16999,"date":"2021-11-08T17:34:03","date_gmt":"2021-11-08T16:34:03","guid":{"rendered":"http:\/\/www.studiogera.de\/001\/?p=16999"},"modified":"2021-11-08T17:34:04","modified_gmt":"2021-11-08T16:34:04","slug":"vorschau-auf-die-kommenden-tage-6","status":"publish","type":"post","link":"https:\/\/www.studiogera.de\/001\/2021\/11\/08\/vorschau-auf-die-kommenden-tage-6\/","title":{"rendered":"VORSCHAU AUF DIE KOMMENDEN TAGE"},"content":{"rendered":"\n<p>Oberb\u00fcrgermeister Julian Vonarb, Superintendent Hendrik Mattenklodt, Pfarrer Michael Kleim und Vertreter von Parteien, Fraktionen, Gewerkschaften und Kirchen, werden am 9. November 2021 am Gedenkstein Sch\u00fclerstra\u00dfe, dem Standort der einstigen Synagoge, einen Kranz niederlegen.<\/p>\n\n\n\n<p>Zum Abschluss des Mauerbaus am Gries werden sich Oberb\u00fcrgermeister Julian Vonarb, Staatssekret\u00e4r Olaf M\u00f6ller sowie der Pr\u00e4sident des Th\u00fcringer Landesamtes f\u00fcr Umwelt, Bergbau und Naturschutz, Mario Suckert, am 10. November 2021 \u00e4u\u00dfern. Am gleichen Tag werden Oberb\u00fcrgermeister Julian Vonarb, der Vorsitzender des Geraer Wald-Eisenbahn-Vereins, Hans-Joachim Lassmann, gemeinsam mit Sponsoren und Spendern den Spaten zum ersten Stich am Tierpark-Bahnhof Wolfsgehege ansetzen. Um 18 Uhr beginnt im Kultur- und Kongresszentrum die Stadtratssitzung.<\/p>\n\n\n\n<p>Die lange Nacht der Wirtschaftsl\u00f6wen soll am 13. November um 16 Uhr er\u00f6ffnet werden.<\/p>\n","protected":false},"excerpt":{"rendered":"<div class=\"mh-excerpt\"><p>Oberb\u00fcrgermeister Julian Vonarb, Superintendent Hendrik Mattenklodt, Pfarrer Michael Kleim und Vertreter von Parteien, Fraktionen, Gewerkschaften und Kirchen, werden am 9. November 2021 am Gedenkstein Sch\u00fclerstra\u00dfe, dem Standort der einstigen Synagoge, einen Kranz niederlegen. Zum Abschluss <a class=\"mh-excerpt-more\" href=\"https:\/\/www.studiogera.de\/001\/2021\/11\/08\/vorschau-auf-die-kommenden-tage-6\/\" title=\"VORSCHAU AUF DIE KOMMENDEN TAGE\">[&#8230;]<\/a><\/p>\n<\/div>","protected":false},"author":2,"featured_media":6809,"comment_status":"open","ping_status":"open","sticky":false,"template":"","format":"standard","meta":{"footnotes":""},"categories":[16],"tags":[],"class_list":{"0":"post-16999","1":"post","2":"type-post","3":"status-publish","4":"format-standard","5":"has-post-thumbnail","7":"category-kurzmitteilungen"},"_links":{"self":[{"href":"https:\/\/www.studiogera.de\/001\/wp-json\/wp\/v2\/posts\/16999","targetHints":{"allow":["GET"]}}],"collection":[{"href":"https:\/\/www.studiogera.de\/001\/wp-json\/wp\/v2\/posts"}],"about":[{"href":"https:\/\/www.studiogera.de\/001\/wp-json\/wp\/v2\/types\/post"}],"author":[{"embeddable":true,"href":"https:\/\/www.studiogera.de\/001\/wp-json\/wp\/v2\/users\/2"}],"replies":[{"embeddable":true,"href":"https:\/\/www.studiogera.de\/001\/wp-json\/wp\/v2\/comments?post=16999"}],"version-history":[{"count":1,"href":"https:\/\/www.studiogera.de\/001\/wp-json\/wp\/v2\/posts\/16999\/revisions"}],"predecessor-version":[{"id":17000,"href":"https:\/\/www.studiogera.de\/001\/wp-json\/wp\/v2\/posts\/16999\/revisions\/17000"}],"wp:featuredmedia":[{"embeddable":true,"href":"https:\/\/www.studiogera.de\/001\/wp-json\/wp\/v2\/media\/6809"}],"wp:attachment":[{"href":"https:\/\/www.studiogera.de\/001\/wp-json\/wp\/v2\/media?parent=16999"}],"wp:term":[{"taxonomy":"category","embeddable":true,"href":"https:\/\/www.studiogera.de\/001\/wp-json\/wp\/v2\/categories?post=16999"},{"taxonomy":"post_tag","embeddable":true,"href":"https:\/\/www.studiogera.de\/001\/wp-json\/wp\/v2\/tags?post=16999"}],"curies":[{"name":"wp","href":"https:\/\/api.w.org\/{rel}","templated":true}]}}