{"id":17002,"date":"2021-11-10T11:05:00","date_gmt":"2021-11-10T10:05:00","guid":{"rendered":"http:\/\/www.studiogera.de\/001\/?p=17002"},"modified":"2021-11-10T22:24:22","modified_gmt":"2021-11-10T21:24:22","slug":"erhoehung-der-applikationsquote-durch-naechste-beschraenkungsstufe","status":"publish","type":"post","link":"https:\/\/www.studiogera.de\/001\/2021\/11\/10\/erhoehung-der-applikationsquote-durch-naechste-beschraenkungsstufe\/","title":{"rendered":"ERH\u00d6HUNG DER APPLIKATIONSQUOTE DURCH N\u00c4CHSTE BESCHR\u00c4NKUNGSSTUFE"},"content":{"rendered":"\n<p>SPD, FDP und B\u00fcndnis\/&#8217;90\/Die Gr\u00fcnen haben \u00fcber die Fortsetzung der Corona-Ma\u00dfnahmen beraten. Die Beschlussvorlage will Olaf Scholz, SPD, am Donnerstag, den 11. November 2021, in den Bundestag einbringen. Wegen des Auslaufens der \u201eepidemischen Lage von nationaler Tragweite\u201c am 25. November 2021 ist eine neue rechtliche Grundlage notwendig. Die neuen Regeln sollen daran ankn\u00fcpfen und zun\u00e4chst bis zum 19. M\u00e4rz 2022 gelten. Um die Applikationsquote im Rahmen einer freiwilligen Entscheidung zu erh\u00f6hen, wird die n\u00e4chste Beschr\u00e4nkungsstufe vorbereitet.<\/p>\n\n\n\n<p>F\u00fcr das Jahr 2022 will Bundesminister Spahn 204 Millionen Impfdosen beschaffen \u2014 mehrheitlich beim Unternehmen Biontech\/Pfizer. Vorgesehen sind eine vierte und f\u00fcnfte \u201eBooster-Impfung\u201c. Nach den Worten des Ministers sollen \u201eBooster-Impfungen\u201c die Regel werden. Der Status \u201evollst\u00e4ndig geimpft\u201c wird voraussichtlich nach sechs Monaten ablaufen. Da die anvisierte Impfquote die Zahl der Freiwilligen deutlich \u00fcbersteigt, ist im Laufe des Jahres 2022 mit weiterreichenden Ma\u00dfnahmen zu rechnen.<\/p>\n\n\n\n<p>Deutschland und die anderen Vertragsstaaten sind verpflichtet, die mit den Herstellern vereinbarten Mengen abzunehmen. Diese Abnahmeverpflichtung gilt laut Vertrag auch f\u00fcr den Fall, dass zweckm\u00e4\u00dfigere oder wirksamere Medikamente auf den Markt kommen. Bei einer halbj\u00e4hrlichen Injektion w\u00fcrde in Deutschland jeder teilnehmende B\u00fcrger bis zum Ende der globalen Impfkampagne im Oktober 2023 insgesamt sieben Dosen erhalten haben. Laut Vertragsabschnitt 5.5, bezogen auf Biontech\/Pfizer, ist die langfristige Wirkung nicht bekannt; der K\u00e4ufer hat dies anzuerkennen, muss den Hersteller notfalls auch auf eigene Kosten verteidigen und frei von jedwedem Schaden halten.<\/p>\n\n\n\n<p>Unterdessen gehen mehrere Bundesl\u00e4nder zu strengeren Regeln \u00fcber. Auch in Th\u00fcringen soll die sogenannte 2-G-Regel in bestimmten Bereichen, und die 3-G-Regel im dienstlichen Bereich, landesweit verpflichtend eingef\u00fchrt, und von Polizeieinheiten und Ordnungs\u00e4mtern kontrolliert werden. Erwogen wird auch die Wiedereinrichtung von Impfzentren. In den Pflegeheimen sollen ungeimpfte Besch\u00e4ftigte t\u00e4glich getestet werden. Bis Dienstag, den 16. November 2021, muss Ministerin Heike Werner hierzu einen Vorschlag erarbeiten.<\/p>\n\n\n\n<p>Die WHO sieht Europa \u201ezur\u00fcck im Epizentrum der Pandemie\u201c \u2014 obwohl hier die Applikationsquote im weltweiten Vergleich relativ hoch ist. Am 31. August 2021 waren bereits 70 % der Erwachsenen in der EU \u201evollst\u00e4ndig geimpft\u201c. Damit galt das Ziel als erreicht. Das europ\u00e4ische Impfprogramm wurde als eines der erfolgreichsten bezeichnet.<\/p>\n\n\n\n<p>Weltweit gibt es gro\u00dfe Unterschiede. Bezogen auf Afrika wurden Anfang November 2021 geringe Fallzahlen und kaum ausgelastete Krankenh\u00e4user trotz einer Applikationsquote im einstelligen Bereich gemeldet. Die Mehrheit habe sich gem\u00e4\u00df der Meldungen bereits mit dem Corona-Virus infiziert.<\/p>\n","protected":false},"excerpt":{"rendered":"<div class=\"mh-excerpt\"><p>SPD, FDP und B\u00fcndnis\/&#8217;90\/Die Gr\u00fcnen haben \u00fcber die Fortsetzung der Corona-Ma\u00dfnahmen beraten. Die Beschlussvorlage will Olaf Scholz, SPD, am Donnerstag, den 11. November 2021, in den Bundestag einbringen. Wegen des Auslaufens der \u201eepidemischen Lage von <a class=\"mh-excerpt-more\" href=\"https:\/\/www.studiogera.de\/001\/2021\/11\/10\/erhoehung-der-applikationsquote-durch-naechste-beschraenkungsstufe\/\" title=\"ERH\u00d6HUNG DER APPLIKATIONSQUOTE DURCH N\u00c4CHSTE BESCHR\u00c4NKUNGSSTUFE\">[&#8230;]<\/a><\/p>\n<\/div>","protected":false},"author":2,"featured_media":9857,"comment_status":"open","ping_status":"open","sticky":false,"template":"","format":"standard","meta":{"footnotes":""},"categories":[2],"tags":[],"class_list":{"0":"post-17002","1":"post","2":"type-post","3":"status-publish","4":"format-standard","5":"has-post-thumbnail","7":"category-weltweit"},"_links":{"self":[{"href":"https:\/\/www.studiogera.de\/001\/wp-json\/wp\/v2\/posts\/17002","targetHints":{"allow":["GET"]}}],"collection":[{"href":"https:\/\/www.studiogera.de\/001\/wp-json\/wp\/v2\/posts"}],"about":[{"href":"https:\/\/www.studiogera.de\/001\/wp-json\/wp\/v2\/types\/post"}],"author":[{"embeddable":true,"href":"https:\/\/www.studiogera.de\/001\/wp-json\/wp\/v2\/users\/2"}],"replies":[{"embeddable":true,"href":"https:\/\/www.studiogera.de\/001\/wp-json\/wp\/v2\/comments?post=17002"}],"version-history":[{"count":4,"href":"https:\/\/www.studiogera.de\/001\/wp-json\/wp\/v2\/posts\/17002\/revisions"}],"predecessor-version":[{"id":17035,"href":"https:\/\/www.studiogera.de\/001\/wp-json\/wp\/v2\/posts\/17002\/revisions\/17035"}],"wp:featuredmedia":[{"embeddable":true,"href":"https:\/\/www.studiogera.de\/001\/wp-json\/wp\/v2\/media\/9857"}],"wp:attachment":[{"href":"https:\/\/www.studiogera.de\/001\/wp-json\/wp\/v2\/media?parent=17002"}],"wp:term":[{"taxonomy":"category","embeddable":true,"href":"https:\/\/www.studiogera.de\/001\/wp-json\/wp\/v2\/categories?post=17002"},{"taxonomy":"post_tag","embeddable":true,"href":"https:\/\/www.studiogera.de\/001\/wp-json\/wp\/v2\/tags?post=17002"}],"curies":[{"name":"wp","href":"https:\/\/api.w.org\/{rel}","templated":true}]}}