{"id":17007,"date":"2021-11-10T11:18:14","date_gmt":"2021-11-10T10:18:14","guid":{"rendered":"http:\/\/www.studiogera.de\/001\/?p=17007"},"modified":"2021-11-10T11:47:55","modified_gmt":"2021-11-10T10:47:55","slug":"ausstellung-ernst-barlach-spiegel-des-lebens","status":"publish","type":"post","link":"https:\/\/www.studiogera.de\/001\/2021\/11\/10\/ausstellung-ernst-barlach-spiegel-des-lebens\/","title":{"rendered":"AUSSTELLUNG \u201eERNST BARLACH \u2014 SPIEGEL DES LEBENS\u201c"},"content":{"rendered":"\n<p>Im S\u00fcdfl\u00fcgel der Orangerie pr\u00e4sentiert die Kunstsammlung die Ausstellung \u201eErnst Barlach \u2014 Spiegel des Lebens\u201c. Zu sehen sind Werke aus der Sammlung Niescher. Die bisher kaum \u00f6ffentlich zu sehende Sammlung Niescher befindet sich seit Anfang des Jahres 2021 in der Kunstsammlung. Ein erster Einblick in dieses umfangreiche Konvolut zur Klassischen Moderne ist mit der Baralach-Ausstellung m\u00f6glich. Eine kleine Auswahl aus den insgesamt 130 Werken, die der Fabrikant Fritz Niescher \u00fcber die Zeit erwarb, ist ab dem 10. November 2021 im S\u00fcdfl\u00fcgel der Orangerie zu sehen. Von den fr\u00fchen im Symbolismus und Jugendstil verhafteten Anf\u00e4ngen seines Schaffens bis zu der Zeit der 1920er und 1930er Jahre gibt die Ausstellung einen Einblick in das Werk eines wichtigen K\u00fcnstlers des 20. Jahrhunderts.<\/p>\n\n\n\n<p>Ernst Barlach, 1870 bis 1938, geh\u00f6rt zu den bedeutendsten K\u00fcnstlern der ersten H\u00e4lfte des 20. Jahrhunderts. Der Mehrfachbegabte wirkte nicht nur als Bildhauer, sondern auch als Grafiker und als Schriftsteller. In seiner unverwechselbaren Bildsprache, die er seit seiner Russlandreise 1906 entwickelt hatte, lotete er H\u00f6hen und Tiefen des menschlichen Lebens aus, indem er menschliche Beziehungen und das Mensch-Sein an sich in all seinen Ausdrucksformen darstellte: Freude und Leid, Hoffnung und Verzweiflung, Liebe und Tod.<\/p>\n\n\n\n<p>Die Ausstellung \u201eErnst Barlach \u2014 Spiegel des Lebens\u201c zeigt ausnahmslos Werke, die aus der Sammlung des ehemaligen Chemnitzer Fabrikanten Fritz Niescher stammen. Insgesamt beinhaltet diese Kollektion, die als Dauerleihgabe f\u00fcr die n\u00e4chsten zehn Jahre in der Kunstsammlung Gera beheimatet ist, \u00fcber 500 Werke vornehmlich von K\u00fcnstlern der Klassischen Moderne, darunter rund 130 Arbeiten von Ernst Barlach.<\/p>\n\n\n\n<p>Die Pr\u00e4sentation umfasst Zeichnungen, Druckgrafiken sowie Skulpturen und Porzellanplastiken; der Schwerpunkt liegt jedoch auf zahlreichen eindr\u00fccklichen Kohlezeichnungen. Die Spanne der pr\u00e4sentierten Werke reicht von fr\u00fchen, dem Jugendstil und Symbolismus verhafteten Sch\u00f6pfungen bis zu seinen in den folgenden Jahrzehnten geschaffenen markanten expressiven Arbeiten.<\/p>\n\n\n\n<p>Die Orangerie kann dienstags bis sonntags sowie feiertags in der Zeit von 11 Uhr bis 17 Uhr besucht werden. Am Sonntag, den 14. November 2021, wird um 15 Uhr zu einer ersten \u00f6ffentlichen Besucherf\u00fchrung eingeladen.<\/p>\n\n\n\n<p>QUELLE: STADTVERWALTUNG<\/p>\n","protected":false},"excerpt":{"rendered":"<div class=\"mh-excerpt\"><p>Im S\u00fcdfl\u00fcgel der Orangerie pr\u00e4sentiert die Kunstsammlung die Ausstellung \u201eErnst Barlach \u2014 Spiegel des Lebens\u201c. Zu sehen sind Werke aus der Sammlung Niescher. Die bisher kaum \u00f6ffentlich zu sehende Sammlung Niescher befindet sich seit Anfang <a class=\"mh-excerpt-more\" href=\"https:\/\/www.studiogera.de\/001\/2021\/11\/10\/ausstellung-ernst-barlach-spiegel-des-lebens\/\" title=\"AUSSTELLUNG \u201eERNST BARLACH \u2014 SPIEGEL DES LEBENS\u201c\">[&#8230;]<\/a><\/p>\n<\/div>","protected":false},"author":2,"featured_media":14045,"comment_status":"open","ping_status":"open","sticky":false,"template":"","format":"standard","meta":{"footnotes":""},"categories":[8],"tags":[],"class_list":{"0":"post-17007","1":"post","2":"type-post","3":"status-publish","4":"format-standard","5":"has-post-thumbnail","7":"category-kultur"},"_links":{"self":[{"href":"https:\/\/www.studiogera.de\/001\/wp-json\/wp\/v2\/posts\/17007","targetHints":{"allow":["GET"]}}],"collection":[{"href":"https:\/\/www.studiogera.de\/001\/wp-json\/wp\/v2\/posts"}],"about":[{"href":"https:\/\/www.studiogera.de\/001\/wp-json\/wp\/v2\/types\/post"}],"author":[{"embeddable":true,"href":"https:\/\/www.studiogera.de\/001\/wp-json\/wp\/v2\/users\/2"}],"replies":[{"embeddable":true,"href":"https:\/\/www.studiogera.de\/001\/wp-json\/wp\/v2\/comments?post=17007"}],"version-history":[{"count":2,"href":"https:\/\/www.studiogera.de\/001\/wp-json\/wp\/v2\/posts\/17007\/revisions"}],"predecessor-version":[{"id":17010,"href":"https:\/\/www.studiogera.de\/001\/wp-json\/wp\/v2\/posts\/17007\/revisions\/17010"}],"wp:featuredmedia":[{"embeddable":true,"href":"https:\/\/www.studiogera.de\/001\/wp-json\/wp\/v2\/media\/14045"}],"wp:attachment":[{"href":"https:\/\/www.studiogera.de\/001\/wp-json\/wp\/v2\/media?parent=17007"}],"wp:term":[{"taxonomy":"category","embeddable":true,"href":"https:\/\/www.studiogera.de\/001\/wp-json\/wp\/v2\/categories?post=17007"},{"taxonomy":"post_tag","embeddable":true,"href":"https:\/\/www.studiogera.de\/001\/wp-json\/wp\/v2\/tags?post=17007"}],"curies":[{"name":"wp","href":"https:\/\/api.w.org\/{rel}","templated":true}]}}