{"id":17011,"date":"2021-11-10T12:07:22","date_gmt":"2021-11-10T11:07:22","guid":{"rendered":"http:\/\/www.studiogera.de\/001\/?p=17011"},"modified":"2021-11-10T12:07:23","modified_gmt":"2021-11-10T11:07:23","slug":"oeffentliche-ladesaeulen-fuer-e-fahrzeuge-im-stadtgebiet","status":"publish","type":"post","link":"https:\/\/www.studiogera.de\/001\/2021\/11\/10\/oeffentliche-ladesaeulen-fuer-e-fahrzeuge-im-stadtgebiet\/","title":{"rendered":"\u00d6FFENTLICHE LADES\u00c4ULEN F\u00dcR E-FAHRZEUGE IM STADTGEBIET"},"content":{"rendered":"\n<p>Zur Ladeinfrastruktur der Energieversorgung Gera geh\u00f6ren 30 \u00f6ffentliche Lades\u00e4ulen und 63 Ladepunkte im Stadtgebiet. Vorgesehen ist ein weiterer kontinuierlicher Ausbau auch mit Schnellstlades\u00e4ulen, abgek\u00fcrzt HPC.<\/p>\n\n\n\n<p>Die Ladeinfrastruktur f\u00fcr E-Mobile in Gera, die durch die Energieversorgung Gera GmbH (EGG) initiiert und betrieben wird, zeigt mit derzeit 30 \u00f6ffentlichen EGG-Lades\u00e4ulen und insgesamt 63 aktiven Ladepunkten im Stadtgebiet gem\u00e4\u00df der vorliegenden Studie einen sehr guten Ausbaustand. Rein rechnerisch teilen sich in Gera laut der Studie der Dualen Hochschule Gera-Eisenach 5,6 E-Autos eine Lades\u00e4ule. Damit liegt Gera an dritter Stelle im th\u00fcringenweiten Vergleich. Der Th\u00fcringer Durchschnitt liegt laut Studie bei 9,54 Fahrzeugen je Lades\u00e4ule; deutschlandweit kommen im Schnitt sogar 14,1 E-Automobile auf eine Lades\u00e4ule.<\/p>\n\n\n\n<p>Die Energieversorgung Gera hat sich der F\u00f6rderung der Elektromobilit\u00e4t in Gera verschrieben. Sie investiert bereits seit 2016 kontinuierlich in die \u00f6ffentliche Ladeinfrastruktur vor Ort. Neben 24 Normallades\u00e4ulen (AC) und f\u00fcnf Schnelllades\u00e4ulen (DC) wurde Mitte dieses Jahres der erste Hypercharger (HPC, high power charging) in Gera er\u00f6ffnet. Mit dieser neuen Lades\u00e4ule kann mit einer maximalen Ladeleistung von 150 Kilowatt in absoluter Rekordzeit Strom getankt werden. Bis Ende des Jahres 2021 werden noch mindestens vier weitere Normallades\u00e4ulen in Gera errichtet. Bis zum 1. Quartal 2022 folgen zwei weitere Hypercharger, sogar mit 300 Kilowatt Ladeleistung. Die beigef\u00fcgte \u00dcbersichtskarte zeigt die gegenw\u00e4rtigen und zuk\u00fcnftig von der EGG geplanten Lades\u00e4ulen in Gera mit den entsprechenden Ladeleistungen auf.<\/p>\n\n\n\n<p>Die Zahl der Ladem\u00f6glichkeiten f\u00fcr Elektroautos steigt deutschlandweit kontinuierlich an, wenngleich der Ausbau in den verschiedenen Bundesl\u00e4ndern und Regionen sehr unterschiedlich verl\u00e4uft. Mit der LISS-Studie (Ladeinfrastrukturstrategie f\u00fcr Elektrofahrzeuge des Freistaats Th\u00fcringen f\u00fcr die Jahre 2016-2020) definierte das Th\u00fcringer Ministerium f\u00fcr Umwelt, Energie und Naturschutz (TMUEN) im Jahr 2016 die Ausbauziele f\u00fcr die Th\u00fcringer St\u00e4dte und Gemeinden. Die EGG erf\u00fcllte die vorgeschlagenen Zahlen f\u00fcr das Oberzentrum Gera mit 20 Normallades\u00e4ulen und vier Schnelllades\u00e4ulen fristgerecht zu Dezember 2020.<\/p>\n\n\n\n<p>EGG-Gesch\u00e4ftsf\u00fchrer Andr\u00e9 Grieser sagte zur Ausbaustrategie in Gera: \u201eUnsere Anstrengungen zur Bereitstellung einer fl\u00e4chendeckenden Ladeinfrastruktur f\u00fcr E-Mobile in Gera sehen wir mit Erf\u00fcllung der Vorgaben der LISS-Studie und dem Ergebnis der Studie der Dualen Hochschule Gera-Eisenach mehr als best\u00e4tigt. Wir freuen uns sehr \u00fcber das gute Abschneiden im th\u00fcringenweiten Vergleich und werden den Ausbau unseres EGG-Ladenetzes weiter kontinuierlich vorantreiben. Dabei setzen wir an Bundesstra\u00dfen und in Autobahnn\u00e4he auch k\u00fcnftig verst\u00e4rkt auf Schnellladetechnik, wenn m\u00f6glich mit Ladeleistungen \u00fcber 150 Kilowatt. In der Geraer Innenstadt werden in Abstimmung mit dem Verkehrsamt im Dezernat Stadtentwicklung, Bau und Umwelt zus\u00e4tzlich weitere Stellfl\u00e4chen f\u00fcr Ladeparkpl\u00e4tze geschaffen.\u201c<\/p>\n\n\n\n<p>Der Geraer Oberb\u00fcrgermeister Julian Vonarb unterstreicht die Bedeutung der Elektromobilit\u00e4t f\u00fcr Gera: \u201eDie Stadt Gera hat das ambitionierte Ziel, im Bereich vernetzter und nachhaltiger Mobilit\u00e4t eine Vorreiterrolle einzunehmen. Um die Elektromobilit\u00e4t in unserer Kommune weiter voranzutreiben, ist eine breit angelegte Ladeinfrastruktur mit entsprechenden Ladem\u00f6glichkeiten f\u00fcr E-Fahrzeuge sowohl im Vier- wie auch im Zweiradbereich entscheidend. Deshalb unterst\u00fctzen wir als Stadtverwaltung die Schaffung neuer Ladepunkte im Stadtgebiet. Dass die Stadt Gera bereits heute bei der Anzahl der zur Verf\u00fcgung stehenden Lades\u00e4ulen und Ladepunkte \u00fcber dem Th\u00fcringer Durchschnitt liegt, verdeutlicht, dass wir in enger Zusammenarbeit mit der EGG viel zur Verbesserung der Elektromobilit\u00e4t unternommen haben. Eine dringende Aufgabe f\u00fcr die Stadt ist es, eine konzeptionelle Standortplanung von Lades\u00e4ulen f\u00fcr das Stadtgebiet zu erarbeiten, so dass die Bedarfe der B\u00fcrgerinnen und B\u00fcrger abgedeckt und weitere Anreize f\u00fcr die Nutzung der Elektromobilit\u00e4t gesetzt werden.\u201c<\/p>\n\n\n\n<p>Weitere Informationen \u00fcber das umfangreiche Angebot der EGG im Bereich Elektromobilit\u00e4t, wie beispielsweise Ladetechnik und Ladestrom f\u00fcr die Wohnst\u00e4tte, Ladekarten und verschiedene Paketangebote, sowie eine detaillierte Aufstellung aller EGG-Lades\u00e4ulen in Gera sind zu finden unter folgender Adresse:<\/p>\n\n\n\n<p><a href=\"https:\/\/www.energieversorgung-gera.de\/privatkunden\/dienstleistungen\/elektromobilitaet\/oeffentliches-stromtanken.html\">https:\/\/www.energieversorgung-gera.de\/privatkunden\/dienstleistungen\/elektromobilitaet\/oeffentliches-stromtanken.html<\/a><\/p>\n\n\n\n<p>Nachfolgend sind die Standorte der \u00f6ffentlichen Lades\u00e4ulen mit dauerhaftem Zugang aufgef\u00fchrt: Parkstra\u00dfe 3, Neue Stra\u00dfe 5, Br\u00fcckenstra\u00dfe 99, Franz-Mehring-Stra\u00dfe 2, Gagarinstra\u00dfe 85, Naulitzer Stra\u00dfe 53, Kaimberger Stra\u00dfe 1A, Zeulsdorfer Stra\u00dfe 97, Siemensstra\u00dfe 47 (bei AFA), Siemensstra\u00dfe 55 (bei Mc Donald&#8217;s), An der Beerweinsch\u00e4nke 3 (bei Auto-Planet), Vogtlandstra\u00dfe 6 (am Biomarkt\/Elstercube), Schleizer Stra\u00dfe 3 (bei Kaufland), Schleizer Stra\u00dfe 33, Dr.-Schomburg-Stra\u00dfe 1, Gaswerkstra\u00dfe 23 (bei IHK), Stra\u00dfe der V\u00f6lkerfreundschaft 36, Kornmarkt 12 (Parkplatz der Stadtverwaltung), Stra\u00dfe des Friedens 120, Hinter dem S\u00fcdbahnhof 11, An der Kr\u00fcmme 2 (Bad Klosterlausnitz), Karl-Wetzel-Stra\u00dfe 46, Gewerbepark Keplerstra\u00dfe 24, Otto-Hahn-Stra\u00dfe 4, Greizer Stra\u00dfe 89.<br>Die Lades\u00e4ule im Parkhaus Heinrichstra\u00dfe 30 ist halb\u00f6ffentlich.<\/p>\n\n\n\n<p>QUELLE: STADTVERWALTUNG<\/p>\n","protected":false},"excerpt":{"rendered":"<div class=\"mh-excerpt\"><p>Zur Ladeinfrastruktur der Energieversorgung Gera geh\u00f6ren 30 \u00f6ffentliche Lades\u00e4ulen und 63 Ladepunkte im Stadtgebiet. Vorgesehen ist ein weiterer kontinuierlicher Ausbau auch mit Schnellstlades\u00e4ulen, abgek\u00fcrzt HPC. Die Ladeinfrastruktur f\u00fcr E-Mobile in Gera, die durch die Energieversorgung <a class=\"mh-excerpt-more\" href=\"https:\/\/www.studiogera.de\/001\/2021\/11\/10\/oeffentliche-ladesaeulen-fuer-e-fahrzeuge-im-stadtgebiet\/\" title=\"\u00d6FFENTLICHE LADES\u00c4ULEN F\u00dcR E-FAHRZEUGE IM STADTGEBIET\">[&#8230;]<\/a><\/p>\n<\/div>","protected":false},"author":2,"featured_media":17013,"comment_status":"open","ping_status":"open","sticky":false,"template":"","format":"standard","meta":{"footnotes":""},"categories":[3],"tags":[],"class_list":{"0":"post-17011","1":"post","2":"type-post","3":"status-publish","4":"format-standard","5":"has-post-thumbnail","7":"category-lokal"},"_links":{"self":[{"href":"https:\/\/www.studiogera.de\/001\/wp-json\/wp\/v2\/posts\/17011","targetHints":{"allow":["GET"]}}],"collection":[{"href":"https:\/\/www.studiogera.de\/001\/wp-json\/wp\/v2\/posts"}],"about":[{"href":"https:\/\/www.studiogera.de\/001\/wp-json\/wp\/v2\/types\/post"}],"author":[{"embeddable":true,"href":"https:\/\/www.studiogera.de\/001\/wp-json\/wp\/v2\/users\/2"}],"replies":[{"embeddable":true,"href":"https:\/\/www.studiogera.de\/001\/wp-json\/wp\/v2\/comments?post=17011"}],"version-history":[{"count":1,"href":"https:\/\/www.studiogera.de\/001\/wp-json\/wp\/v2\/posts\/17011\/revisions"}],"predecessor-version":[{"id":17014,"href":"https:\/\/www.studiogera.de\/001\/wp-json\/wp\/v2\/posts\/17011\/revisions\/17014"}],"wp:featuredmedia":[{"embeddable":true,"href":"https:\/\/www.studiogera.de\/001\/wp-json\/wp\/v2\/media\/17013"}],"wp:attachment":[{"href":"https:\/\/www.studiogera.de\/001\/wp-json\/wp\/v2\/media?parent=17011"}],"wp:term":[{"taxonomy":"category","embeddable":true,"href":"https:\/\/www.studiogera.de\/001\/wp-json\/wp\/v2\/categories?post=17011"},{"taxonomy":"post_tag","embeddable":true,"href":"https:\/\/www.studiogera.de\/001\/wp-json\/wp\/v2\/tags?post=17011"}],"curies":[{"name":"wp","href":"https:\/\/api.w.org\/{rel}","templated":true}]}}