{"id":17052,"date":"2021-11-14T22:14:47","date_gmt":"2021-11-14T21:14:47","guid":{"rendered":"http:\/\/www.studiogera.de\/001\/?p=17052"},"modified":"2021-11-14T22:14:49","modified_gmt":"2021-11-14T21:14:49","slug":"kanzleramtsminister-helge-braun-zum-thema-impfpflicht","status":"publish","type":"post","link":"https:\/\/www.studiogera.de\/001\/2021\/11\/14\/kanzleramtsminister-helge-braun-zum-thema-impfpflicht\/","title":{"rendered":"KANZLERAMTSMINISTER HELGE BRAUN ZUM THEMA IMPFPFLICHT"},"content":{"rendered":"\n<p>Eine Impfpflicht f\u00fcr bestimmte Berufsgruppen werde die gro\u00dfe Welle nach Einsch\u00e4tzung des gesch\u00e4ftsf\u00fchrenden Kanzleramtsministers Helge Braun nicht ver\u00e4ndern. Entsprechend \u00e4u\u00dferte er sich am 14. November 2021 in der ZDF-Sendung \u201eBerlin direkt\u201c. Auch bef\u00fcrworte er keine Impfpflicht f\u00fcr alle. Denn eine solche werde nur auferlegt, um eine Krankheit generell auszurotten. Grundrechtsbeschr\u00e4nkungen f\u00fcr \u201eungeimpfte\u201c Menschen, \u00e4hnlich wie in \u00d6sterreich, wollte Braun nicht ausschlie\u00dfen. Als wichtig und sinnvoll erachtet er die Drei-G-Regel am Arbeitsplatz und Kontrollen hierzu.<\/p>\n\n\n\n<p>Zuvor hatte Bundesgesundheitsminister Jens Spahn von Problemen bei der Durchsetzung einer Impfpflicht gesprochen, und in seinem Beispiel die Politikerin Sarah Wagenknecht von der Linkspartei genannt. Sie hatte unl\u00e4ngst bekanntgegeben, nicht mit den betreffenden Stoffen geimpft zu sein.<\/p>\n","protected":false},"excerpt":{"rendered":"<div class=\"mh-excerpt\"><p>Eine Impfpflicht f\u00fcr bestimmte Berufsgruppen werde die gro\u00dfe Welle nach Einsch\u00e4tzung des gesch\u00e4ftsf\u00fchrenden Kanzleramtsministers Helge Braun nicht ver\u00e4ndern. Entsprechend \u00e4u\u00dferte er sich am 14. November 2021 in der ZDF-Sendung \u201eBerlin direkt\u201c. Auch bef\u00fcrworte er keine <a class=\"mh-excerpt-more\" href=\"https:\/\/www.studiogera.de\/001\/2021\/11\/14\/kanzleramtsminister-helge-braun-zum-thema-impfpflicht\/\" title=\"KANZLERAMTSMINISTER HELGE BRAUN ZUM THEMA IMPFPFLICHT\">[&#8230;]<\/a><\/p>\n<\/div>","protected":false},"author":2,"featured_media":9859,"comment_status":"open","ping_status":"open","sticky":false,"template":"","format":"standard","meta":{"footnotes":""},"categories":[2],"tags":[],"class_list":{"0":"post-17052","1":"post","2":"type-post","3":"status-publish","4":"format-standard","5":"has-post-thumbnail","7":"category-weltweit"},"_links":{"self":[{"href":"https:\/\/www.studiogera.de\/001\/wp-json\/wp\/v2\/posts\/17052","targetHints":{"allow":["GET"]}}],"collection":[{"href":"https:\/\/www.studiogera.de\/001\/wp-json\/wp\/v2\/posts"}],"about":[{"href":"https:\/\/www.studiogera.de\/001\/wp-json\/wp\/v2\/types\/post"}],"author":[{"embeddable":true,"href":"https:\/\/www.studiogera.de\/001\/wp-json\/wp\/v2\/users\/2"}],"replies":[{"embeddable":true,"href":"https:\/\/www.studiogera.de\/001\/wp-json\/wp\/v2\/comments?post=17052"}],"version-history":[{"count":1,"href":"https:\/\/www.studiogera.de\/001\/wp-json\/wp\/v2\/posts\/17052\/revisions"}],"predecessor-version":[{"id":17053,"href":"https:\/\/www.studiogera.de\/001\/wp-json\/wp\/v2\/posts\/17052\/revisions\/17053"}],"wp:featuredmedia":[{"embeddable":true,"href":"https:\/\/www.studiogera.de\/001\/wp-json\/wp\/v2\/media\/9859"}],"wp:attachment":[{"href":"https:\/\/www.studiogera.de\/001\/wp-json\/wp\/v2\/media?parent=17052"}],"wp:term":[{"taxonomy":"category","embeddable":true,"href":"https:\/\/www.studiogera.de\/001\/wp-json\/wp\/v2\/categories?post=17052"},{"taxonomy":"post_tag","embeddable":true,"href":"https:\/\/www.studiogera.de\/001\/wp-json\/wp\/v2\/tags?post=17052"}],"curies":[{"name":"wp","href":"https:\/\/api.w.org\/{rel}","templated":true}]}}