{"id":17054,"date":"2021-11-15T11:03:12","date_gmt":"2021-11-15T10:03:12","guid":{"rendered":"http:\/\/www.studiogera.de\/001\/?p=17054"},"modified":"2021-11-16T12:13:05","modified_gmt":"2021-11-16T11:13:05","slug":"der-g-20-gipfel-in-rom-und-die-konferenz-in-glasgow","status":"publish","type":"post","link":"https:\/\/www.studiogera.de\/001\/2021\/11\/15\/der-g-20-gipfel-in-rom-und-die-konferenz-in-glasgow\/","title":{"rendered":"DER G-20-GIPFEL IN ROM UND DIE KONFERENZ IN GLASGOW"},"content":{"rendered":"\n<p>Beim G-20-Gipfel in Rom wurde Deutschland von Bundeskanzlerin Angela Merkel und Finanzminister Olaf Scholz vertreten. Auf der Tagesordnung der zweit\u00e4gigen Veranstaltung standen die Themen Corona, Klima, Weltwirtschaft. Wie es hie\u00df, seien die Staaten der G-20-Gruppe f\u00fcr drei Viertel des weltweiten Treibhausgas-Emissionen verantwortlich. Daher m\u00fcsse ein Weg f\u00fcr umweltvertr\u00e4gliches Wirtschaften gefunden werden.<\/p>\n\n\n\n<p>Es wurden Sitzungen mit den Titeln \u201eGlobal Economy and Global Health\u201c, \u201eClimate Change and Environment\u201c und \u201eSustainable Development\u201c abgehalten. Es folgte eine Abschlusserkl\u00e4rung am Vorabend des 31. Oktober 2021. Bis Mitte des Jahres 2022 sollen weltweit 70 % der Menschen die neuen Impfstoffe erhalten haben. Internationale Gro\u00dfkonzerne m\u00fcssen k\u00fcnftig eine globale Mindeststeuer in H\u00f6he von 15 % entrichten.<\/p>\n\n\n\n<p>Der G-20-Gipfel sollte einem Impuls f\u00fcr den nachfolgenden Klimagipfel in Glasgow geben, doch endete er in diesem Punkt mit einer wenig konkreten Abschlusserkl\u00e4rung. In Glasgow einigten sich die teilnehmenden Staaten auf eine Abkehr von der Kohle. Die Reaktionen darauf fielen sehr unterschiedlich aus. W\u00e4hrend sich viele Aktivisten entt\u00e4uscht zeigten, sprechen andere von einem Erfolg. Es seien wichtige Ziele gesetzt worden, und man verpflichte sich, j\u00e4hrlich nachzubessern, bis die Ziele und Aktionen geeignet sind, dem Pariser Abkommen gerecht werden. Um das sogenannte 1,5-Grad-Ziel aus dem Pariser Abkommen zu erreichen, m\u00fcssten die weltweiten Emissionen bis zum Jahre 2030 halbiert werden.<\/p>\n\n\n\n<p>In Deutschland h\u00e4tte das eine gleichzeitige und tiefgreifende Transformation in mehreren Bereichen zur Folge. Statistisch wird dem B\u00fcrger in Deutschland derzeit eine j\u00e4hrliche Emission von elf Tonnen CO\u2082 zugerechnet. Um \u201eKlimaneutralit\u00e4t\u201c zu erreichen, d\u00fcrfte die Emission eine Tonne nicht \u00fcbersteigen. Derzeit entf\u00e4llt allerdings eine dreiviertel Tonne allein auf den digitalen Bereich. Bei einer noch intensiveren Nutzung kann es sogar eine Tonne sein. Dann bliebe f\u00fcr die Bereiche Ern\u00e4hrung, Heizung und Mobilit\u00e4t kein Raum mehr. Zudem w\u00fcrde eine st\u00e4rkere Nutzung von Sonnen- und Windenergie f\u00fcr die Elektrizit\u00e4t bedeuten, dass bei steigendem Verbrauch zeitweise die Grundlast nicht mehr gedeckt werden k\u00f6nnte. Dann m\u00fcsste Deutschland Energie aus dem Ausland zu m\u00f6glicherweise sehr hohen Preisen importieren. Diese Abh\u00e4ngigkeit werden andere Staaten mit hoher Wahrscheinlichkeit einkalkulieren und taktisch nutzen.<\/p>\n","protected":false},"excerpt":{"rendered":"<div class=\"mh-excerpt\"><p>Beim G-20-Gipfel in Rom wurde Deutschland von Bundeskanzlerin Angela Merkel und Finanzminister Olaf Scholz vertreten. Auf der Tagesordnung der zweit\u00e4gigen Veranstaltung standen die Themen Corona, Klima, Weltwirtschaft. Wie es hie\u00df, seien die Staaten der G-20-Gruppe <a class=\"mh-excerpt-more\" href=\"https:\/\/www.studiogera.de\/001\/2021\/11\/15\/der-g-20-gipfel-in-rom-und-die-konferenz-in-glasgow\/\" title=\"DER G-20-GIPFEL IN ROM UND DIE KONFERENZ IN GLASGOW\">[&#8230;]<\/a><\/p>\n<\/div>","protected":false},"author":2,"featured_media":17056,"comment_status":"open","ping_status":"open","sticky":false,"template":"","format":"standard","meta":{"footnotes":""},"categories":[2],"tags":[],"class_list":{"0":"post-17054","1":"post","2":"type-post","3":"status-publish","4":"format-standard","5":"has-post-thumbnail","7":"category-weltweit"},"_links":{"self":[{"href":"https:\/\/www.studiogera.de\/001\/wp-json\/wp\/v2\/posts\/17054","targetHints":{"allow":["GET"]}}],"collection":[{"href":"https:\/\/www.studiogera.de\/001\/wp-json\/wp\/v2\/posts"}],"about":[{"href":"https:\/\/www.studiogera.de\/001\/wp-json\/wp\/v2\/types\/post"}],"author":[{"embeddable":true,"href":"https:\/\/www.studiogera.de\/001\/wp-json\/wp\/v2\/users\/2"}],"replies":[{"embeddable":true,"href":"https:\/\/www.studiogera.de\/001\/wp-json\/wp\/v2\/comments?post=17054"}],"version-history":[{"count":2,"href":"https:\/\/www.studiogera.de\/001\/wp-json\/wp\/v2\/posts\/17054\/revisions"}],"predecessor-version":[{"id":17060,"href":"https:\/\/www.studiogera.de\/001\/wp-json\/wp\/v2\/posts\/17054\/revisions\/17060"}],"wp:featuredmedia":[{"embeddable":true,"href":"https:\/\/www.studiogera.de\/001\/wp-json\/wp\/v2\/media\/17056"}],"wp:attachment":[{"href":"https:\/\/www.studiogera.de\/001\/wp-json\/wp\/v2\/media?parent=17054"}],"wp:term":[{"taxonomy":"category","embeddable":true,"href":"https:\/\/www.studiogera.de\/001\/wp-json\/wp\/v2\/categories?post=17054"},{"taxonomy":"post_tag","embeddable":true,"href":"https:\/\/www.studiogera.de\/001\/wp-json\/wp\/v2\/tags?post=17054"}],"curies":[{"name":"wp","href":"https:\/\/api.w.org\/{rel}","templated":true}]}}