{"id":17057,"date":"2021-11-15T11:08:35","date_gmt":"2021-11-15T10:08:35","guid":{"rendered":"http:\/\/www.studiogera.de\/001\/?p=17057"},"modified":"2021-11-15T11:08:36","modified_gmt":"2021-11-15T10:08:36","slug":"kranzniederlegung-und-gedenkveranstaltung-am-volkstrauertag","status":"publish","type":"post","link":"https:\/\/www.studiogera.de\/001\/2021\/11\/15\/kranzniederlegung-und-gedenkveranstaltung-am-volkstrauertag\/","title":{"rendered":"KRANZNIEDERLEGUNG UND GEDENKVERANSTALTUNG AM VOLKSTRAUERTAG"},"content":{"rendered":"\n<p>Zum Volkstrauertag am 14. November 2021 nahm Oberb\u00fcrgermeister Julian Vonarb sowohl bei der feierlichen Kranzniederlegung als auch bei der Gedenkveranstaltung in der Feierhalle des Ostfriedhofs teil. Gemeinsam mit Vertretern aus Bundeswehr, Kirchen und Politik sowie zahlreichen Besuchern gedachte er den Kriegstoten sowie den Opfern von Gewalt. Vonarb dankte allen Soldaten: \u201eKrieg ist allgegenw\u00e4rtig. Und trotzdem k\u00e4mpfen bis heute viele Angeh\u00f6rige der Bundeswehr in Auslandseins\u00e4tzen gegen Krieg und Terror auf der ganzen Welt. Sie riskieren damit t\u00e4glich ihr Leben f\u00fcr Frieden und Freiheit.\u201c Er sei jedoch auch f\u00fcr die umgehende Hilfe der Bundeswehr in Krisensituationen innerhalb Deutschlands dankbar, wie der Corona-Pandemie und dem Hochwasser 2021.<\/p>\n\n\n\n<p>QUELLE: STADTVERWALTUNG<\/p>\n","protected":false},"excerpt":{"rendered":"<div class=\"mh-excerpt\"><p>Zum Volkstrauertag am 14. November 2021 nahm Oberb\u00fcrgermeister Julian Vonarb sowohl bei der feierlichen Kranzniederlegung als auch bei der Gedenkveranstaltung in der Feierhalle des Ostfriedhofs teil. Gemeinsam mit Vertretern aus Bundeswehr, Kirchen und Politik sowie <a class=\"mh-excerpt-more\" href=\"https:\/\/www.studiogera.de\/001\/2021\/11\/15\/kranzniederlegung-und-gedenkveranstaltung-am-volkstrauertag\/\" title=\"KRANZNIEDERLEGUNG UND GEDENKVERANSTALTUNG AM VOLKSTRAUERTAG\">[&#8230;]<\/a><\/p>\n<\/div>","protected":false},"author":2,"featured_media":17058,"comment_status":"open","ping_status":"open","sticky":false,"template":"","format":"standard","meta":{"footnotes":""},"categories":[16],"tags":[],"class_list":{"0":"post-17057","1":"post","2":"type-post","3":"status-publish","4":"format-standard","5":"has-post-thumbnail","7":"category-kurzmitteilungen"},"_links":{"self":[{"href":"https:\/\/www.studiogera.de\/001\/wp-json\/wp\/v2\/posts\/17057","targetHints":{"allow":["GET"]}}],"collection":[{"href":"https:\/\/www.studiogera.de\/001\/wp-json\/wp\/v2\/posts"}],"about":[{"href":"https:\/\/www.studiogera.de\/001\/wp-json\/wp\/v2\/types\/post"}],"author":[{"embeddable":true,"href":"https:\/\/www.studiogera.de\/001\/wp-json\/wp\/v2\/users\/2"}],"replies":[{"embeddable":true,"href":"https:\/\/www.studiogera.de\/001\/wp-json\/wp\/v2\/comments?post=17057"}],"version-history":[{"count":1,"href":"https:\/\/www.studiogera.de\/001\/wp-json\/wp\/v2\/posts\/17057\/revisions"}],"predecessor-version":[{"id":17059,"href":"https:\/\/www.studiogera.de\/001\/wp-json\/wp\/v2\/posts\/17057\/revisions\/17059"}],"wp:featuredmedia":[{"embeddable":true,"href":"https:\/\/www.studiogera.de\/001\/wp-json\/wp\/v2\/media\/17058"}],"wp:attachment":[{"href":"https:\/\/www.studiogera.de\/001\/wp-json\/wp\/v2\/media?parent=17057"}],"wp:term":[{"taxonomy":"category","embeddable":true,"href":"https:\/\/www.studiogera.de\/001\/wp-json\/wp\/v2\/categories?post=17057"},{"taxonomy":"post_tag","embeddable":true,"href":"https:\/\/www.studiogera.de\/001\/wp-json\/wp\/v2\/tags?post=17057"}],"curies":[{"name":"wp","href":"https:\/\/api.w.org\/{rel}","templated":true}]}}