{"id":17061,"date":"2021-11-16T12:40:37","date_gmt":"2021-11-16T11:40:37","guid":{"rendered":"http:\/\/www.studiogera.de\/001\/?p=17061"},"modified":"2021-11-16T12:40:38","modified_gmt":"2021-11-16T11:40:38","slug":"diebstahl-auf-dem-ostfriedhof","status":"publish","type":"post","link":"https:\/\/www.studiogera.de\/001\/2021\/11\/16\/diebstahl-auf-dem-ostfriedhof\/","title":{"rendered":"DIEBSTAHL AUF DEM OSTFRIEDHOF"},"content":{"rendered":"\n<p>In der Nacht von Sonntag auf Montag wurden auf dem Ostfriedhof mehrere zum Volkstrauertag niedergelegte Gedenkkr\u00e4nze und Gebinde von unbekannten T\u00e4tern entwendet. Das teilt die Stadtverwaltung mit. Die Geraer Kriminalpolizei hat die Ermittlungen aufgenommen und sucht nach Zeugen.<\/p>\n\n\n\n<p>Oberb\u00fcrgermeister Julian Vonarb zeigt sich best\u00fcrzt \u00fcber diese Tat: \u201eAm Volkstrauertag stand ich gemeinsam mit vielen Menschen auf dem Geraer Ostfriedhof. Wir gedachten jenen, die Opfer von Gewalt und Krieg wurden und legten unsere Gedenkkr\u00e4nze nieder. An diesem Tag sprachen sich alle Anwesenden ganz klar f\u00fcr ein Zusammenleben in Frieden aus. Umso fassungsloser macht mich das Ereignis der darauffolgenden Nacht. Es handelt sich hierbei nicht nur um eine Straftat, es ist auch ein emotionaler Einschnitt f\u00fcr die vielen B\u00fcrgerinnen und B\u00fcrger, die sich am Volkstrauertag der gemeinsamen Verantwortung f\u00fcr Gerechtigkeit und Frieden gestellt haben.\u201c Der Geraer Oberb\u00fcrgermeister sichert zu, dass die Friedhofsverwaltung in enger Zusammenarbeit mit der Kriminalpolizei Gera ihren Beitrag zu einer m\u00f6glichst schnellen Aufkl\u00e4rung dieser Straftat leistet.<\/p>\n\n\n\n<p>Zeugen, die sachdienliche Hinweise zur Tatgeschehen bzw. den T\u00e4tern geben k\u00f6nnen, werden gebeten, sich unter der Telefonnummer 0365 82341465 zu melden.<\/p>\n\n\n\n<p>QUELLE: STADTVERWALTUNG<\/p>\n","protected":false},"excerpt":{"rendered":"<div class=\"mh-excerpt\"><p>In der Nacht von Sonntag auf Montag wurden auf dem Ostfriedhof mehrere zum Volkstrauertag niedergelegte Gedenkkr\u00e4nze und Gebinde von unbekannten T\u00e4tern entwendet. Das teilt die Stadtverwaltung mit. Die Geraer Kriminalpolizei hat die Ermittlungen aufgenommen und <a class=\"mh-excerpt-more\" href=\"https:\/\/www.studiogera.de\/001\/2021\/11\/16\/diebstahl-auf-dem-ostfriedhof\/\" title=\"DIEBSTAHL AUF DEM OSTFRIEDHOF\">[&#8230;]<\/a><\/p>\n<\/div>","protected":false},"author":2,"featured_media":1630,"comment_status":"open","ping_status":"open","sticky":false,"template":"","format":"standard","meta":{"footnotes":""},"categories":[16],"tags":[],"class_list":{"0":"post-17061","1":"post","2":"type-post","3":"status-publish","4":"format-standard","5":"has-post-thumbnail","7":"category-kurzmitteilungen"},"_links":{"self":[{"href":"https:\/\/www.studiogera.de\/001\/wp-json\/wp\/v2\/posts\/17061","targetHints":{"allow":["GET"]}}],"collection":[{"href":"https:\/\/www.studiogera.de\/001\/wp-json\/wp\/v2\/posts"}],"about":[{"href":"https:\/\/www.studiogera.de\/001\/wp-json\/wp\/v2\/types\/post"}],"author":[{"embeddable":true,"href":"https:\/\/www.studiogera.de\/001\/wp-json\/wp\/v2\/users\/2"}],"replies":[{"embeddable":true,"href":"https:\/\/www.studiogera.de\/001\/wp-json\/wp\/v2\/comments?post=17061"}],"version-history":[{"count":1,"href":"https:\/\/www.studiogera.de\/001\/wp-json\/wp\/v2\/posts\/17061\/revisions"}],"predecessor-version":[{"id":17062,"href":"https:\/\/www.studiogera.de\/001\/wp-json\/wp\/v2\/posts\/17061\/revisions\/17062"}],"wp:featuredmedia":[{"embeddable":true,"href":"https:\/\/www.studiogera.de\/001\/wp-json\/wp\/v2\/media\/1630"}],"wp:attachment":[{"href":"https:\/\/www.studiogera.de\/001\/wp-json\/wp\/v2\/media?parent=17061"}],"wp:term":[{"taxonomy":"category","embeddable":true,"href":"https:\/\/www.studiogera.de\/001\/wp-json\/wp\/v2\/categories?post=17061"},{"taxonomy":"post_tag","embeddable":true,"href":"https:\/\/www.studiogera.de\/001\/wp-json\/wp\/v2\/tags?post=17061"}],"curies":[{"name":"wp","href":"https:\/\/api.w.org\/{rel}","templated":true}]}}