{"id":17067,"date":"2021-11-17T10:14:30","date_gmt":"2021-11-17T09:14:30","guid":{"rendered":"http:\/\/www.studiogera.de\/001\/?p=17067"},"modified":"2021-11-17T10:14:31","modified_gmt":"2021-11-17T09:14:31","slug":"viertes-philharmonisches-konzert-in-gera","status":"publish","type":"post","link":"https:\/\/www.studiogera.de\/001\/2021\/11\/17\/viertes-philharmonisches-konzert-in-gera\/","title":{"rendered":"VIERTES PHILHARMONISCHES KONZERT IN GERA"},"content":{"rendered":"\n<p>2020 war ein bedeutsames Jahr: Ludwig van Beethovens 250. Geburtstag wurde weltweit gefeiert. In Gera feierte au\u00dferdem das Reussische Kammerorchester sein 60-ja\u0308hriges Bestehen. Geplant war deshalb ein Festkonzert zum Beethovenjahr. Doch dieses Konzert konnte coronabedingt nicht stattfinden, fand seine Zuh\u00f6rerschaft allerdings in der Radio\u00fcbertragung auf Deutschlandfunk Kultur. Genau ein Jahr sp\u00e4ter, am 30. November um 19:30 Uhr, soll die Musik nun auch live pr\u00e4sentiert werden.<\/p>\n\n\n\n<p>Vor 251 Jahren wurde nicht nur Ludwig van Beethoven geboren, sondern auch sein Zeitgenosse, der aus Thu\u0308ringen stammende Johann Christian Heinrich Rinck. Der Komponist war zu seinen Lebzeiten hoch angesehen und bis Ende des 19. Jahrhunderts u\u0308beraus popula\u0308r. Viele seiner Werke wurden jedoch nicht ediert, weshalb sein 1808 entstandenes Konzert fu\u0308r Fagott bisher nie wieder aufgefu\u0308hrt wurde. Nun bringt es Roland Schulenburg, Solofagottist des Philharmonischen Orchesters Altenburg Gera, erstmals wieder zum erklingen. Umrahmt wird dieses Werk von Beethovens 1. Sinfonie sowie weiteren Werken zeitgeno\u0308ssischer Komponisten, die damals die Thu\u0308ringer Musiklandschaft pra\u0308gten und bis heute auf ihre Wiederentdeckung warten: eine Ouvertu\u0308re des ehemaligen Weimarer Hofkapellmeisters Franz Seraph Destouches sowie die Ouvertu\u0308re zu Luigi Cherubinis Oper Fanisca, den Beethoven sehr verehrte.<\/p>\n\n\n\n<p>Das Reussische Kammerorchester spielt unter der Leitung von Werner Ehrhardt.<br>Erneute Auff\u00fchrungen sind geplant f\u00fcr Mittwoch, den 1. Dezember, 19.30 Uhr, sowie Donnerstag, den 2. Dezember, 19.30 Uhr. Im Altenburger Theaterzelt spielt das Orchester am Freitag, den 3. Dezember, ab 19.30 Uhr.<\/p>\n","protected":false},"excerpt":{"rendered":"<div class=\"mh-excerpt\"><p>2020 war ein bedeutsames Jahr: Ludwig van Beethovens 250. Geburtstag wurde weltweit gefeiert. In Gera feierte au\u00dferdem das Reussische Kammerorchester sein 60-ja\u0308hriges Bestehen. Geplant war deshalb ein Festkonzert zum Beethovenjahr. Doch dieses Konzert konnte coronabedingt <a class=\"mh-excerpt-more\" href=\"https:\/\/www.studiogera.de\/001\/2021\/11\/17\/viertes-philharmonisches-konzert-in-gera\/\" title=\"VIERTES PHILHARMONISCHES KONZERT IN GERA\">[&#8230;]<\/a><\/p>\n<\/div>","protected":false},"author":2,"featured_media":12655,"comment_status":"open","ping_status":"open","sticky":false,"template":"","format":"standard","meta":{"footnotes":""},"categories":[15],"tags":[],"class_list":{"0":"post-17067","1":"post","2":"type-post","3":"status-publish","4":"format-standard","5":"has-post-thumbnail","7":"category-theater"},"_links":{"self":[{"href":"https:\/\/www.studiogera.de\/001\/wp-json\/wp\/v2\/posts\/17067","targetHints":{"allow":["GET"]}}],"collection":[{"href":"https:\/\/www.studiogera.de\/001\/wp-json\/wp\/v2\/posts"}],"about":[{"href":"https:\/\/www.studiogera.de\/001\/wp-json\/wp\/v2\/types\/post"}],"author":[{"embeddable":true,"href":"https:\/\/www.studiogera.de\/001\/wp-json\/wp\/v2\/users\/2"}],"replies":[{"embeddable":true,"href":"https:\/\/www.studiogera.de\/001\/wp-json\/wp\/v2\/comments?post=17067"}],"version-history":[{"count":1,"href":"https:\/\/www.studiogera.de\/001\/wp-json\/wp\/v2\/posts\/17067\/revisions"}],"predecessor-version":[{"id":17068,"href":"https:\/\/www.studiogera.de\/001\/wp-json\/wp\/v2\/posts\/17067\/revisions\/17068"}],"wp:featuredmedia":[{"embeddable":true,"href":"https:\/\/www.studiogera.de\/001\/wp-json\/wp\/v2\/media\/12655"}],"wp:attachment":[{"href":"https:\/\/www.studiogera.de\/001\/wp-json\/wp\/v2\/media?parent=17067"}],"wp:term":[{"taxonomy":"category","embeddable":true,"href":"https:\/\/www.studiogera.de\/001\/wp-json\/wp\/v2\/categories?post=17067"},{"taxonomy":"post_tag","embeddable":true,"href":"https:\/\/www.studiogera.de\/001\/wp-json\/wp\/v2\/tags?post=17067"}],"curies":[{"name":"wp","href":"https:\/\/api.w.org\/{rel}","templated":true}]}}