{"id":17071,"date":"2021-11-17T10:26:10","date_gmt":"2021-11-17T09:26:10","guid":{"rendered":"http:\/\/www.studiogera.de\/001\/?p=17071"},"modified":"2021-11-17T12:26:28","modified_gmt":"2021-11-17T11:26:28","slug":"urauffuehrung-des-balletts-corpus","status":"publish","type":"post","link":"https:\/\/www.studiogera.de\/001\/2021\/11\/17\/urauffuehrung-des-balletts-corpus\/","title":{"rendered":"URAUFF\u00dcHRUNG DES BALLETTS \u201eCORPUS\u201c"},"content":{"rendered":"\n<p>Im Gro\u00dfen Haus pr\u00e4sentiert das Th\u00fcringer Staatsballett am Freitag, den 19. November, um 19.30 Uhr die Urauff\u00fchrung des Balletts \u201eCorpus\u201c von Ballettdirektorin und Chefchoreografin Silvana Schr\u00f6der. Durch seinen lateinischen Titel verweist die Neukreation auf den rituellen Ursprung des Theaters in der Antike \u2013 eine Zeit, in der religi\u00f6se und gesellschaftliche Zeremonien noch ein integraler Bestandteil des gesellschaftlichen Alltags waren.<\/p>\n\n\n\n<p>\u201eCorpus\u201c erz\u00e4hlt ein Menschenleben, das ebenso zyklisch angelegt ist, wie der Kreislauf einer Pflanze. Silvana Schr\u00f6ders Tanzbilder sch\u00e4rfen das Bewusstsein f\u00fcr den menschlichen K\u00f6rper durch die Interaktion mit der materiellen und personellen Umwelt. Dabei l\u00e4sst der neue Ballettabend zahlreiche Assoziations- und Identifikationsm\u00f6glichkeiten zu. Durch ein Wechselspiel zwischen mitrei\u00dfenden und besinnlichen Rhythmen \u2014 unter anderem Werke von Frankie Chan, Les Tambours du Bronx und Max Richter \u2013 wird \u201eCorpus\u201c so zu einem physisch miterlebbaren und multisensorischen Theatererlebnis.<\/p>\n\n\n\n<p>Eintrittskarten sind an der Theaterkasse erh\u00e4ltlich. Diese k\u00f6nnen telefonisch unter der Rufnummer 0365 8279105 bzw. 03447 585160 sowie \u00fcber \u201ewww.theater-altenburg-gera.de\u201d reserviert werden.<\/p>\n\n\n\n<p>Im Gro\u00dfen Haus wird das Ballett am Samstag, den 20. November, 19.30 Uhr, am Sonntag, den 21. November, 14.30 Uhr, am Samstag, den 27. November, 19.30 Uhr, und am Sonntag, den 28. November, 14.30 Uhr, erneut aufgef\u00fchrt.<\/p>\n\n\n\n<p>QUELLE: THEATER ALTENBURG GERA GGMBH<\/p>\n","protected":false},"excerpt":{"rendered":"<div class=\"mh-excerpt\"><p>Im Gro\u00dfen Haus pr\u00e4sentiert das Th\u00fcringer Staatsballett am Freitag, den 19. November, um 19.30 Uhr die Urauff\u00fchrung des Balletts \u201eCorpus\u201c von Ballettdirektorin und Chefchoreografin Silvana Schr\u00f6der. Durch seinen lateinischen Titel verweist die Neukreation auf den <a class=\"mh-excerpt-more\" href=\"https:\/\/www.studiogera.de\/001\/2021\/11\/17\/urauffuehrung-des-balletts-corpus\/\" title=\"URAUFF\u00dcHRUNG DES BALLETTS \u201eCORPUS\u201c\">[&#8230;]<\/a><\/p>\n<\/div>","protected":false},"author":2,"featured_media":17072,"comment_status":"open","ping_status":"open","sticky":false,"template":"","format":"standard","meta":{"footnotes":""},"categories":[15],"tags":[],"class_list":{"0":"post-17071","1":"post","2":"type-post","3":"status-publish","4":"format-standard","5":"has-post-thumbnail","7":"category-theater"},"_links":{"self":[{"href":"https:\/\/www.studiogera.de\/001\/wp-json\/wp\/v2\/posts\/17071","targetHints":{"allow":["GET"]}}],"collection":[{"href":"https:\/\/www.studiogera.de\/001\/wp-json\/wp\/v2\/posts"}],"about":[{"href":"https:\/\/www.studiogera.de\/001\/wp-json\/wp\/v2\/types\/post"}],"author":[{"embeddable":true,"href":"https:\/\/www.studiogera.de\/001\/wp-json\/wp\/v2\/users\/2"}],"replies":[{"embeddable":true,"href":"https:\/\/www.studiogera.de\/001\/wp-json\/wp\/v2\/comments?post=17071"}],"version-history":[{"count":2,"href":"https:\/\/www.studiogera.de\/001\/wp-json\/wp\/v2\/posts\/17071\/revisions"}],"predecessor-version":[{"id":17074,"href":"https:\/\/www.studiogera.de\/001\/wp-json\/wp\/v2\/posts\/17071\/revisions\/17074"}],"wp:featuredmedia":[{"embeddable":true,"href":"https:\/\/www.studiogera.de\/001\/wp-json\/wp\/v2\/media\/17072"}],"wp:attachment":[{"href":"https:\/\/www.studiogera.de\/001\/wp-json\/wp\/v2\/media?parent=17071"}],"wp:term":[{"taxonomy":"category","embeddable":true,"href":"https:\/\/www.studiogera.de\/001\/wp-json\/wp\/v2\/categories?post=17071"},{"taxonomy":"post_tag","embeddable":true,"href":"https:\/\/www.studiogera.de\/001\/wp-json\/wp\/v2\/tags?post=17071"}],"curies":[{"name":"wp","href":"https:\/\/api.w.org\/{rel}","templated":true}]}}