{"id":17075,"date":"2021-11-18T23:13:09","date_gmt":"2021-11-18T22:13:09","guid":{"rendered":"http:\/\/www.studiogera.de\/001\/?p=17075"},"modified":"2021-11-18T23:13:11","modified_gmt":"2021-11-18T22:13:11","slug":"tierpark-verzeichnet-hoechststand-bei-der-besucherzahl","status":"publish","type":"post","link":"https:\/\/www.studiogera.de\/001\/2021\/11\/18\/tierpark-verzeichnet-hoechststand-bei-der-besucherzahl\/","title":{"rendered":"TIERPARK VERZEICHNET H\u00d6CHSTSTAND BEI DER BESUCHERZAHL"},"content":{"rendered":"\n<p>Der Tierpark f\u00fchrt seit vielen Jahren eine genaue Tages- und Monatsstatistik zu den Besucherzahlen. F\u00fcr das Jahr 2021 verzeichnete er zum Stand 12. November 2021 mit \u00fcber 178&#8217;500 Besuchern einen neuen H\u00f6chststand. Oberb\u00fcrgermeister Julian Vonarb wei\u00df um die enorme Wichtigkeit des Tierparks:<\/p>\n\n\n\n<p>\u201eIn diesem und im letzten Coronajahr hat sich gezeigt, dass bezahlbare Naherholung eine hohen Wert f\u00fcr die B\u00fcrgerinnen und B\u00fcrger sowie G\u00e4ste hat. Reisen und Ausfl\u00fcge waren nur sehr eingeschr\u00e4nkt m\u00f6glich, daher nahm die Attraktivit\u00e4t des Tierparks als Ziel noch weiter zu. Unser Tierpark ist Geras absoluter Besuchermagnet.\u201c<\/p>\n\n\n\n<p>Besonders bedeutsam sei dieser Wert, da bis Anfang April 2021 der Tierpark wegen der Corona-Verf\u00fcgungen geschlossen war.<\/p>\n\n\n\n<p>Die Mehrzahl der Besucher wurde aus dem Th\u00fcringer Einzugsgebiet registriert, jedoch aufgrund der verkehrsg\u00fcnstigen Lage auch aus Sachsen, Sachsen-Anhalt und anderen Teilen Deutschlands. Einzelne G\u00e4ste wurden sogar aus der Schweiz, aus Chile und Nordamerika begr\u00fc\u00dft.<\/p>\n\n\n\n<p>Nach Aussagen des Leiters, Dr. Florian Weise, sei bei der gesamten Belegschaft der Stolz riesengro\u00df:<\/p>\n\n\n\n<p>\u201eDen vielen tausenden Besuchern sind wir f\u00fcr ihre Treue sehr dankbar und nehmen diese als Ansporn, auch in den n\u00e4chsten Jahren unsere Angebote auszubauen, zu modernisieren und weiterhin attraktiv zu bleiben. Wir freuen uns auf viele zufriedene Tiere und Besucher sowie einen unbeschwertes Jubil\u00e4um des Tierparks Gera im Jahr 2022.\u201c<\/p>\n\n\n\n<p>Die Einrichtung feiert im kommenden Jahr ihr 60-j\u00e4hriges Bestehen.<\/p>\n\n\n\n<p>QUELLE: STADTVERWALTUNG<\/p>\n","protected":false},"excerpt":{"rendered":"<div class=\"mh-excerpt\"><p>Der Tierpark f\u00fchrt seit vielen Jahren eine genaue Tages- und Monatsstatistik zu den Besucherzahlen. F\u00fcr das Jahr 2021 verzeichnete er zum Stand 12. November 2021 mit \u00fcber 178&#8217;500 Besuchern einen neuen H\u00f6chststand. Oberb\u00fcrgermeister Julian Vonarb <a class=\"mh-excerpt-more\" href=\"https:\/\/www.studiogera.de\/001\/2021\/11\/18\/tierpark-verzeichnet-hoechststand-bei-der-besucherzahl\/\" title=\"TIERPARK VERZEICHNET H\u00d6CHSTSTAND BEI DER BESUCHERZAHL\">[&#8230;]<\/a><\/p>\n<\/div>","protected":false},"author":2,"featured_media":16206,"comment_status":"open","ping_status":"open","sticky":false,"template":"","format":"standard","meta":{"footnotes":""},"categories":[8],"tags":[],"class_list":{"0":"post-17075","1":"post","2":"type-post","3":"status-publish","4":"format-standard","5":"has-post-thumbnail","7":"category-kultur"},"_links":{"self":[{"href":"https:\/\/www.studiogera.de\/001\/wp-json\/wp\/v2\/posts\/17075","targetHints":{"allow":["GET"]}}],"collection":[{"href":"https:\/\/www.studiogera.de\/001\/wp-json\/wp\/v2\/posts"}],"about":[{"href":"https:\/\/www.studiogera.de\/001\/wp-json\/wp\/v2\/types\/post"}],"author":[{"embeddable":true,"href":"https:\/\/www.studiogera.de\/001\/wp-json\/wp\/v2\/users\/2"}],"replies":[{"embeddable":true,"href":"https:\/\/www.studiogera.de\/001\/wp-json\/wp\/v2\/comments?post=17075"}],"version-history":[{"count":1,"href":"https:\/\/www.studiogera.de\/001\/wp-json\/wp\/v2\/posts\/17075\/revisions"}],"predecessor-version":[{"id":17076,"href":"https:\/\/www.studiogera.de\/001\/wp-json\/wp\/v2\/posts\/17075\/revisions\/17076"}],"wp:featuredmedia":[{"embeddable":true,"href":"https:\/\/www.studiogera.de\/001\/wp-json\/wp\/v2\/media\/16206"}],"wp:attachment":[{"href":"https:\/\/www.studiogera.de\/001\/wp-json\/wp\/v2\/media?parent=17075"}],"wp:term":[{"taxonomy":"category","embeddable":true,"href":"https:\/\/www.studiogera.de\/001\/wp-json\/wp\/v2\/categories?post=17075"},{"taxonomy":"post_tag","embeddable":true,"href":"https:\/\/www.studiogera.de\/001\/wp-json\/wp\/v2\/tags?post=17075"}],"curies":[{"name":"wp","href":"https:\/\/api.w.org\/{rel}","templated":true}]}}