{"id":17077,"date":"2021-11-18T23:26:57","date_gmt":"2021-11-18T22:26:57","guid":{"rendered":"http:\/\/www.studiogera.de\/001\/?p=17077"},"modified":"2021-11-18T23:26:58","modified_gmt":"2021-11-18T22:26:58","slug":"allgemeinverfuegung-fuer-das-stadtgebiet-auf-weisung-des-freistaates","status":"publish","type":"post","link":"https:\/\/www.studiogera.de\/001\/2021\/11\/18\/allgemeinverfuegung-fuer-das-stadtgebiet-auf-weisung-des-freistaates\/","title":{"rendered":"ALLGEMEINVERF\u00dcGUNG F\u00dcR DAS STADTGEBIET AUF WEISUNG DES FREISTAATES"},"content":{"rendered":"\n<p>Der Freistaat Th\u00fcringen erarbeitet derzeit eine neue Landesverordnung, die in der kommenden Woche in Kraft treten soll. Einstweilen werden die Kommunen zu einer kurzfristigen Anpassung der Eind\u00e4mmungsma\u00dfnahmen verpflichtet. In Gera tritt am Freitag, den 19. November 2021, auf Weisung des Th\u00fcringer Ministerium f\u00fcr Arbeit, Soziales, Gesundheit, Frauen und Familie, die verpflichtende Anwendung von Zwei-G- und Drei-G-Ma\u00dfnahmen in geschlossenen R\u00e4umen und unter freiem Himmel jeweils mit gleichzeitiger Pflicht zum Verwenden von Mund-Nasen-Bedeckungen bzw. qualifizierten Gesichtsmasken in Kraft. Die neue Allgemeinverf\u00fcgung wird am 19. November 2021 in einem Sonderamtsblatt ver\u00f6ffentlicht. Diese Allgemeinverf\u00fcgung gilt zun\u00e4chst bis Mittwoch, den 24. November 2021. Sie soll dann durch eine aktualisierte Th\u00fcringer Verordnung ersetzt werden.<\/p>\n\n\n\n<p>QUELLE: STADTVERWALTUNG<\/p>\n","protected":false},"excerpt":{"rendered":"<div class=\"mh-excerpt\"><p>Der Freistaat Th\u00fcringen erarbeitet derzeit eine neue Landesverordnung, die in der kommenden Woche in Kraft treten soll. Einstweilen werden die Kommunen zu einer kurzfristigen Anpassung der Eind\u00e4mmungsma\u00dfnahmen verpflichtet. In Gera tritt am Freitag, den 19. <a class=\"mh-excerpt-more\" href=\"https:\/\/www.studiogera.de\/001\/2021\/11\/18\/allgemeinverfuegung-fuer-das-stadtgebiet-auf-weisung-des-freistaates\/\" title=\"ALLGEMEINVERF\u00dcGUNG F\u00dcR DAS STADTGEBIET AUF WEISUNG DES FREISTAATES\">[&#8230;]<\/a><\/p>\n<\/div>","protected":false},"author":2,"featured_media":7605,"comment_status":"open","ping_status":"open","sticky":false,"template":"","format":"standard","meta":{"footnotes":""},"categories":[3],"tags":[],"class_list":{"0":"post-17077","1":"post","2":"type-post","3":"status-publish","4":"format-standard","5":"has-post-thumbnail","7":"category-lokal"},"_links":{"self":[{"href":"https:\/\/www.studiogera.de\/001\/wp-json\/wp\/v2\/posts\/17077","targetHints":{"allow":["GET"]}}],"collection":[{"href":"https:\/\/www.studiogera.de\/001\/wp-json\/wp\/v2\/posts"}],"about":[{"href":"https:\/\/www.studiogera.de\/001\/wp-json\/wp\/v2\/types\/post"}],"author":[{"embeddable":true,"href":"https:\/\/www.studiogera.de\/001\/wp-json\/wp\/v2\/users\/2"}],"replies":[{"embeddable":true,"href":"https:\/\/www.studiogera.de\/001\/wp-json\/wp\/v2\/comments?post=17077"}],"version-history":[{"count":1,"href":"https:\/\/www.studiogera.de\/001\/wp-json\/wp\/v2\/posts\/17077\/revisions"}],"predecessor-version":[{"id":17078,"href":"https:\/\/www.studiogera.de\/001\/wp-json\/wp\/v2\/posts\/17077\/revisions\/17078"}],"wp:featuredmedia":[{"embeddable":true,"href":"https:\/\/www.studiogera.de\/001\/wp-json\/wp\/v2\/media\/7605"}],"wp:attachment":[{"href":"https:\/\/www.studiogera.de\/001\/wp-json\/wp\/v2\/media?parent=17077"}],"wp:term":[{"taxonomy":"category","embeddable":true,"href":"https:\/\/www.studiogera.de\/001\/wp-json\/wp\/v2\/categories?post=17077"},{"taxonomy":"post_tag","embeddable":true,"href":"https:\/\/www.studiogera.de\/001\/wp-json\/wp\/v2\/tags?post=17077"}],"curies":[{"name":"wp","href":"https:\/\/api.w.org\/{rel}","templated":true}]}}