{"id":17079,"date":"2021-11-18T23:54:16","date_gmt":"2021-11-18T22:54:16","guid":{"rendered":"http:\/\/www.studiogera.de\/001\/?p=17079"},"modified":"2021-11-18T23:54:18","modified_gmt":"2021-11-18T22:54:18","slug":"absage-des-geraer-weihnachtsmarktes","status":"publish","type":"post","link":"https:\/\/www.studiogera.de\/001\/2021\/11\/18\/absage-des-geraer-weihnachtsmarktes\/","title":{"rendered":"ABSAGE DES GERAER WEIHNACHTSMARKTES"},"content":{"rendered":"\n<p>Die Stadt Gera muss ihren traditionellen Weihnachtsmarkt absagen. Bis zuletzt wurde an der Durchf\u00fchrung festgehalten, um in dem kr\u00e4ftezehrenden Jahr 2021 den B\u00fcrgern und G\u00e4sten ein kleines St\u00fcck Normalit\u00e4t zu schenken. Hierzu erkl\u00e4rte der Oberb\u00fcrgermeister am 18. November 2021:<\/p>\n\n\n\n<blockquote class=\"wp-block-quote is-layout-flow wp-block-quote-is-layout-flow\"><p>\u201eDurch die Weisung vom Freistaat Th\u00fcringen, dass auch bei Veranstaltungen unter freiem Himmel eine Zwei-G-Regelung gilt, musste ich schweren Herzens unseren M\u00e4rchenmarkt begraben. Noch am Montag wurde sich gemeinsam mit dem Freistaat dazu ausgetauscht, eine Sonderregelung f\u00fcr Spezialm\u00e4rkte zu favorisieren \u2014 sogar ein Branchendialog war geplant. Doch dann kam kurzfristig am gestrigen Mittwochabend alles anders, als dann auf Nachfrage im Ministerium die niederschmetternde Best\u00e4tigung kam. Besonders leid tut es mir um die engagierten H\u00e4ndlerinnen und H\u00e4ndler wie auch um all diejenigen, die auch dieses Jahr keinen Lichtblick in der Weihnachtszeit haben.\u201c<\/p><\/blockquote>\n\n\n\n<p>Eine\u00a0Umz\u00e4unung der Weihnachtsmarktfl\u00e4che und die damit verbundene Kontrollnotwendigkeit sei in Gera schlicht technisch nicht umsetzbar.<\/p>\n\n\n\n<p>Das Konzept der diesj\u00e4hrigen Planung sah eine Entzerrung m\u00f6glicher Besucherstr\u00f6me vor. Eine Konzentration auf enge Standorte sollte vermieden werden. So wurde ein Rundgang durch die Innenstadt mit dem Start auf dem Marktplatz organisiert. Die entwickelte Rundtour w\u00e4re dann \u00fcber die Gro\u00dfe Kirchstra\u00dfe, den Steinweg, die Sorge mit Ausleger in die Schlo\u00dfstra\u00dfe, weiter in die Bachgasse, zum Museumsplatz und \u00fcber den Johannisplatz und\u00a0die Kleine Kirchstra\u00dfe wieder zur\u00fcck zum Markt verlaufen. Die St\u00e4nde und Buden wurden wegen des Infektionsschutzes in deutlich gr\u00f6\u00dferem Abstand als die Jahre zuvor platziert und mit den beleuchteten M\u00e4rchen sowie weiteren dekorativen Elementen optisch verbunden. \u201eWir haben einen enormen Kraftakt hinter uns. Das Kulturamt, das Gesundheitsamt, H\u00e4ndler, Gastronomen und viele weitere Partner haben sich mit sehr viel Herzblut in dieses tolle Konzept gest\u00fcrzt, das mit Sicherheit funktioniert h\u00e4tte. Leider l\u00e4sst sich kurzfristig innerhalb weniger Tage eine Anpassung in dieser Gr\u00f6\u00dfenordnung nicht umsetzen\u201c, bedauert Vonarb.<\/p>\n\n\n\n<p>Der diesj\u00e4hrige M\u00e4rchenmarkt h\u00e4tte nach der Pause im vergangenen Jahr sein 25-j\u00e4hriges Jubil\u00e4um gefeiert. Seit 1995 stehen knapp 40 lebensgro\u00dfe, handgefertigte und liebevoll gestaltete M\u00e4rchenfiguren im Mittelpunkt des Geraer Weihnachtsmarkts und gaben ihm seinen Namen. Unz\u00e4hlige festlich dekorierte St\u00e4nde mit vielen weihnachtlichen Waren, darunter Kunsthandwerk, Th\u00fcringer Spezialit\u00e4ten, internationale Leckereien und Gl\u00fchweinspezialit\u00e4ten sorgen f\u00fcr eine \u00fcberregionale Beliebtheit. Die Stadt Gera hofft nun, den Weihnachtsmann, der in jedem Jahr auf seiner B\u00fchne an der gro\u00dfen Tanne in Mitten des Marktplatzes ein offenes Ohr f\u00fcr die W\u00fcnsche der Kinder hatte, 2022 wieder wie gewohnt begr\u00fc\u00dfen zu k\u00f6nnen.<\/p>\n\n\n\n<p>Als kleinen Trost veranlasste Oberb\u00fcrgermeister Vonarb, dass auch in diesem Jahr die M\u00e4rchenfiguren aufgestellt werden sowie eine weihnachtliche Beleuchtung in der Innenstadt angebracht wird, um f\u00fcr eine festliche Stimmung zu sorgen und zu einem Spaziergang einzuladen.<\/p>\n\n\n\n<p>QUELLE: STADTVERWALTUNG<\/p>\n","protected":false},"excerpt":{"rendered":"<div class=\"mh-excerpt\"><p>Die Stadt Gera muss ihren traditionellen Weihnachtsmarkt absagen. Bis zuletzt wurde an der Durchf\u00fchrung festgehalten, um in dem kr\u00e4ftezehrenden Jahr 2021 den B\u00fcrgern und G\u00e4sten ein kleines St\u00fcck Normalit\u00e4t zu schenken. Hierzu erkl\u00e4rte der Oberb\u00fcrgermeister <a class=\"mh-excerpt-more\" href=\"https:\/\/www.studiogera.de\/001\/2021\/11\/18\/absage-des-geraer-weihnachtsmarktes\/\" title=\"ABSAGE DES GERAER WEIHNACHTSMARKTES\">[&#8230;]<\/a><\/p>\n<\/div>","protected":false},"author":2,"featured_media":17080,"comment_status":"open","ping_status":"open","sticky":false,"template":"","format":"standard","meta":{"footnotes":""},"categories":[3],"tags":[],"class_list":{"0":"post-17079","1":"post","2":"type-post","3":"status-publish","4":"format-standard","5":"has-post-thumbnail","7":"category-lokal"},"_links":{"self":[{"href":"https:\/\/www.studiogera.de\/001\/wp-json\/wp\/v2\/posts\/17079","targetHints":{"allow":["GET"]}}],"collection":[{"href":"https:\/\/www.studiogera.de\/001\/wp-json\/wp\/v2\/posts"}],"about":[{"href":"https:\/\/www.studiogera.de\/001\/wp-json\/wp\/v2\/types\/post"}],"author":[{"embeddable":true,"href":"https:\/\/www.studiogera.de\/001\/wp-json\/wp\/v2\/users\/2"}],"replies":[{"embeddable":true,"href":"https:\/\/www.studiogera.de\/001\/wp-json\/wp\/v2\/comments?post=17079"}],"version-history":[{"count":1,"href":"https:\/\/www.studiogera.de\/001\/wp-json\/wp\/v2\/posts\/17079\/revisions"}],"predecessor-version":[{"id":17081,"href":"https:\/\/www.studiogera.de\/001\/wp-json\/wp\/v2\/posts\/17079\/revisions\/17081"}],"wp:featuredmedia":[{"embeddable":true,"href":"https:\/\/www.studiogera.de\/001\/wp-json\/wp\/v2\/media\/17080"}],"wp:attachment":[{"href":"https:\/\/www.studiogera.de\/001\/wp-json\/wp\/v2\/media?parent=17079"}],"wp:term":[{"taxonomy":"category","embeddable":true,"href":"https:\/\/www.studiogera.de\/001\/wp-json\/wp\/v2\/categories?post=17079"},{"taxonomy":"post_tag","embeddable":true,"href":"https:\/\/www.studiogera.de\/001\/wp-json\/wp\/v2\/tags?post=17079"}],"curies":[{"name":"wp","href":"https:\/\/api.w.org\/{rel}","templated":true}]}}